{"id":2317,"date":"2016-06-20T15:40:37","date_gmt":"2016-06-20T15:40:37","guid":{"rendered":"http:\/\/www.andacolloconectado.cl\/?p=2317"},"modified":"2016-06-20T15:49:00","modified_gmt":"2016-06-20T15:49:00","slug":"kevin-alfaro-gracias-a-esta-beca-pude-estudiar-y-dar-un-gran-alivio-a-mi-familia","status":"publish","type":"post","link":"https:\/\/www.andacolloconectado.cl\/index.php\/kevin-alfaro-gracias-a-esta-beca-pude-estudiar-y-dar-un-gran-alivio-a-mi-familia\/","title":{"rendered":"Kevin Alfaro: \u00abGracias a esta beca pude estudiar y dar un gran alivio a mi familia\u00bb"},"content":{"rendered":"<p>Estudiante de Gastronom\u00eda y Cocina Internacional del Instituto Juan Bohon\u00a0de La Serena, nos comenta el gran alivio que signific\u00f3 para su madre el\u00a0haber sido beneficiado con la beca social de Teck CDA.<\/p>\n<p>Dice que se enter\u00f3 por su madre y por los medios de comunicaciones de la\u00a0comuna, \u201cah\u00ed decid\u00ed ir a hablar con la gente de Comunidades de Teck, me\u00a0orientaron y me dieron los documentos para postular\u201d<\/p>\n<p>Cuando Kevin postul\u00f3 la beca le financiaba los pasajes para viajar todos los d\u00edas a\u00a0La Serena, as\u00ed \u00e9l estaba con su familia y pod\u00eda estudiar tranquilamente en su\u00a0instituto \u201cestuve dos a\u00f1os con esta beca donde deb\u00eda viajar todos los d\u00edas en una\u00a0empresa espec\u00edfica de buses de nuestra comuna\u201d.<\/p>\n<p>Kevin se\u00f1ala que su mam\u00e1 estaba muy contenta y aliviada, porque no ten\u00eda que\u00a0gastar dinero en los pasajes ya que su situaci\u00f3n econ\u00f3mica no era de las mejores\u00a0por algunos problemas familiares que hab\u00edan sufrido ese a\u00f1o, agrega que \u201cesta es\u00a0una ayuda fant\u00e1stica a m\u00ed por dos a\u00f1os me ha ayudado a salir adelante y estar\u00a0ahora a punto de terminar ya que estoy haciendo la pr\u00e1ctica\u201d.<\/p>\n<p>Kevin Alfaro egres\u00f3 el a\u00f1o 2013 del Liceo Pedro Regalado Videla, ha mantenido\u00a0un buen rendimiento en su carrera y hoy hace su pr\u00e1ctica profesional en el\u00a0Restaurant Do\u00f1a Rode de nuestra comuna \u201cyo le digo a los estudiantes que\u00a0postulen a esta beca, que se motiven, es una ayuda bastante buena que para m\u00ed\u00a0ha sido fundamental\u201d.<\/p>\n<p>Dice que tener un buen desempe\u00f1o acad\u00e9mico es importante para mantener la\u00a0beca, pero que es muy bueno ya que as\u00ed se motivan a\u00fan m\u00e1s a poder terminar\u00a0una carrera para desempe\u00f1arse profesionalmente m\u00e1s adelante y ser un aporte\u00a0en sus familias.<\/p>\n<p>Kevin nos comenta que nunca pens\u00f3 arrendar alguna pensi\u00f3n en La Serena \u201cno\u00a0hay como llegar todos los d\u00edas a la casa, ser recibido por mi mama con una rica\u00a0once y contarle las cosas que hice en el d\u00eda, esos es impagable\u201d.<\/p>\n<p>Estas Becas contemplan la entrega de 110 asignaciones para j\u00f3venes que tengan\u00a0un buen rendimiento acad\u00e9mico, aportando al acceso a la educaci\u00f3n superior que\u00a0muchas veces se ve truncado por los problemas econ\u00f3micos de la familia.<\/p>\n","protected":false},"excerpt":{"rendered":"<p>Estudiante de Gastronom\u00eda y Cocina Internacional del Instituto Juan Bohon\u00a0de La Serena, nos comenta el gran alivio que signific\u00f3 para su madre el\u00a0haber sido beneficiado con la beca social de Teck CDA. Dice que se enter\u00f3 por su madre y por los medios de comunicaciones de la\u00a0comuna, \u201cah\u00ed decid\u00ed ir a hablar con la gente [&hellip;]<\/p>\n","protected":false},"author":3,"featured_media":0,"comment_status":"open","ping_status":"open","sticky":false,"template":"","format":"standard","meta":{"_acf_changed":false,"footnotes":""},"categories":[1],"tags":[401,212],"acf":[],"aioseo_notices":[],"_links":{"self":[{"href":"https:\/\/www.andacolloconectado.cl\/index.php\/wp-json\/wp\/v2\/posts\/2317"}],"collection":[{"href":"https:\/\/www.andacolloconectado.cl\/index.php\/wp-json\/wp\/v2\/posts"}],"about":[{"href":"https:\/\/www.andacolloconectado.cl\/index.php\/wp-json\/wp\/v2\/types\/post"}],"author":[{"embeddable":true,"href":"https:\/\/www.andacolloconectado.cl\/index.php\/wp-json\/wp\/v2\/users\/3"}],"replies":[{"embeddable":true,"href":"https:\/\/www.andacolloconectado.cl\/index.php\/wp-json\/wp\/v2\/comments?post=2317"}],"version-history":[{"count":3,"href":"https:\/\/www.andacolloconectado.cl\/index.php\/wp-json\/wp\/v2\/posts\/2317\/revisions"}],"predecessor-version":[{"id":2323,"href":"https:\/\/www.andacolloconectado.cl\/index.php\/wp-json\/wp\/v2\/posts\/2317\/revisions\/2323"}],"wp:attachment":[{"href":"https:\/\/www.andacolloconectado.cl\/index.php\/wp-json\/wp\/v2\/media?parent=2317"}],"wp:term":[{"taxonomy":"category","embeddable":true,"href":"https:\/\/www.andacolloconectado.cl\/index.php\/wp-json\/wp\/v2\/categories?post=2317"},{"taxonomy":"post_tag","embeddable":true,"href":"https:\/\/www.andacolloconectado.cl\/index.php\/wp-json\/wp\/v2\/tags?post=2317"}],"curies":[{"name":"wp","href":"https:\/\/api.w.org\/{rel}","templated":true}]}}