{"id":2371,"date":"2016-06-29T15:36:20","date_gmt":"2016-06-29T15:36:20","guid":{"rendered":"http:\/\/www.andacolloconectado.cl\/?p=2371"},"modified":"2016-06-29T15:36:20","modified_gmt":"2016-06-29T15:36:20","slug":"la-virgen-milagrosa-de-cerro-el-curque-una-interesante-historia-de-fe","status":"publish","type":"post","link":"https:\/\/www.andacolloconectado.cl\/index.php\/la-virgen-milagrosa-de-cerro-el-curque-una-interesante-historia-de-fe\/","title":{"rendered":"La Virgen milagrosa de Cerro El Curque: una interesante historia de fe"},"content":{"rendered":"<p align=\"justify\"><span style=\"font-family: Arial, serif;\"><span style=\"font-size: medium;\">Muchas veces nos hemos preguntado qui\u00e9n construyo el altar de la Virgen del Rosario que est\u00e1 en las alturas del Cerro El Curque, que se encuentra ubicado entre la poblaci\u00f3n Casuto y El Curque. Muchos mitos han surgido en torno a qui\u00e9n ser\u00eda el responsable de tan bello homenaje a nuestra Chinita de Andacollo.<\/span><\/span><\/p>\n<p align=\"justify\"><span style=\"font-family: Arial, serif;\"><span style=\"font-size: medium;\">Creyentes y devotos de la Virgen concurren hasta el lugar a pedir y dar gracias por los favores concedidos. No es tan f\u00e1cil llegar, ya que s\u00f3lo se puede hacer a pie o algunas veces en bicicleta, porque est\u00e1 en pleno cerro, y esa es la idea, que nos cueste llegar a ella, que sea un sacrificio que le ofrecemos a la Virgen del Cerro.<\/span><\/span><\/p>\n<p align=\"justify\"><span style=\"font-family: Arial, serif;\"><span style=\"font-size: medium;\">La historia de la construcci\u00f3n de este lugar de oraci\u00f3n y reflexi\u00f3n se remonta al a\u00f1o 2011 cuando un trabajador andacollino, luego de enterarse que padece una complicada enfermedad, decide levantarse, ejercitar en los alrededores de Andacollo, hasta llegar al cerro el Curque. Es all\u00ed donde siente la necesidad de levantar un altar a la Virgen de Andacollo, lo hace a pulso, pese a que su enfermedad es autoinmune y degenerativa de los huesos y los m\u00fasculos.<\/span><\/span><\/p>\n<p align=\"justify\"><span style=\"font-family: Arial, serif;\"><span style=\"font-size: medium;\">Luis Aguirre Olivares, oriundo de Andacollo, vive en el sector Casuto, casado, tiene dos hijos, siempre se hab\u00eda desempe\u00f1ado en faenas mineras y el a\u00f1o 2011 se encontraba trabajando en Calama con largos sistemas de turnos, pero siempre con el esp\u00edritu emprendedor de aprender cosas nuevas.<\/span><\/span><\/p>\n<p align=\"justify\"><span style=\"font-family: Arial, serif;\"><span style=\"font-size: medium;\">Estando en el norte Luis comienza a sentirse mal de salud, tuvo que realizarse una serie de ex\u00e1menes y el diagn\u00f3stico fue Poliomiositis, que es una enfermedad autoinmune que provoca debilidad muscular, sensibilidad y da\u00f1o en los m\u00fasculos. Cuenta que desde que se enter\u00f3 del diagn\u00f3stico, \u201csiempre fui disciplinado, tuve buenos m\u00e9dicos y me trat\u00e9 en cl\u00ednicas en Santiago por Fonasa\u201d.<\/span><\/span><\/p>\n<p align=\"justify\"><span style=\"font-family: Arial, serif;\"><span style=\"font-size: medium;\">Desde ese momento la vida le cambi\u00f3 ya que hab\u00eda instancias en que ni siquiera pod\u00eda moverse, luego de varias licencias Luis jubil\u00f3 por discapacidad porque en esas condiciones de salud no pod\u00eda trabajar formalmente, pero no se dio por vencido aunque hab\u00eda momentos de debilidad.<\/span><\/span><\/p>\n<p align=\"justify\"><span style=\"font-family: Arial, serif;\"><span style=\"font-size: medium;\">Nos comenta que siempre ha sido una persona perseverante y con ganas de luchar, \u201cnunca me quise quedar en la casa sin hacer nada porque hab\u00eda que salir adelante, esto no me lo iba a ganar\u201d, se\u00f1ala.<\/span><\/span><\/p>\n<p align=\"justify\">\u201c<span style=\"font-family: Arial, serif;\"><span style=\"font-size: medium;\">Yo le digo a la gente que nunca hay que echarse a morir, pese a que en alg\u00fan momento se me vino el mundo abajo, mi se\u00f1ora me ten\u00eda que vestir, dar la comida en la boca, me costaba caminar, pero nunca baj\u00e9 los brazos\u201d, se\u00f1ala Aguirre.<\/span><\/span><\/p>\n<p align=\"justify\"><span style=\"font-family: Arial, serif;\"><span style=\"font-size: medium;\">Un d\u00eda para ejercitar le pidi\u00f3 a su hija que fueran a caminar a lugares aleda\u00f1os al sector Casuto, ah\u00ed decide subir el cerro el Curque, \u201cllegaba me pon\u00eda a reflexionar, le\u00eda libros de superaci\u00f3n, llevaba mi radio y tambi\u00e9n hacia terapias y ejercitaba mis m\u00fasculos\u201d.<\/span><\/span><\/p>\n<p align=\"justify\"><span style=\"font-family: Arial, serif;\"><span style=\"font-size: medium;\">Esto hizo que Luis se sintiera muy bien y estando en pleno cerro decide construir una gruta. Junt\u00f3 piedras, limpi\u00f3 el lugar y dijo que la Virgen se merec\u00eda algo mas grande, todo lo subi\u00f3 a pulso, \u201csub\u00eda en bicicleta, otra parte a pie y llevaba los implementos para ir d\u00e1ndole forma al altar, hoy a\u00fan sigo construyendo y hermoseando el lugar incluso he plantado arboles\u201d.<\/span><\/span><\/p>\n<p align=\"justify\"><span style=\"font-family: Arial, serif;\"><span style=\"font-size: medium;\">Luis dice que todo pasa por algo, que todo tiene un mensaje para nosotros y que es importante venir a este mundo a dejar algo bueno, porque siempre hay alguien que nos est\u00e1 protegiendo, \u201ctenemos que ser agradecidos, yo siento que la Virgen me protege, en ese sitio hay algo especial, un misticismo muy lindo\u201d.<\/span><\/span><\/p>\n<p align=\"justify\"><span style=\"font-family: Arial, serif;\"><span style=\"font-size: medium;\">De a poco los andacollinos se fueron enterando de la existencia de esta gruta y empezaron a ir a rezar, a reflexionar y a pedirle a la Virgen por familiares enfermos, por situaciones complejas y a expresarle sus distintas peticiones y hoy se ha convertido en un importante lugar de oraci\u00f3n especialmente para la gente de Andacollo. \u201cLa clave est\u00e1 en la fe, en creer\u201d, se\u00f1ala Aguirre.<\/span><\/span><\/p>\n<p align=\"justify\"><span style=\"font-family: Arial, serif;\"><span style=\"font-size: medium;\">A pesar de sus dolencias, sube d\u00eda por medio al cerro a reflexionar y rezar, adem\u00e1s que continua haciendo arreglos en el lugar, dice que ah\u00ed se siente bien que estando junto a la Virgen del cerro se siente lleno de energ\u00eda y con ganas de seguir, aparentemente pareciera una persona completamente sana, a pesar de que la Poliomiositis es una enfermedad cr\u00f3nica que la llevar\u00e1 por siempre.<\/span><\/span><\/p>\n<p align=\"justify\"><span style=\"font-family: Arial, serif;\"><span style=\"font-size: medium;\">Nos comenta que siempre hizo esto en forma an\u00f3nima y que sabe de los rumores que han surgido en torno a quien construy\u00f3 la gruta, por eso aprovecha esta instancia para aclarar a los andacollinos sobre la construcci\u00f3n de la gruta de Virgen del Cerro el Curque e insiste en que siempre debemos agradecer lo que tenemos.<\/span><\/span><\/p>\n<p align=\"justify\"><span style=\"font-family: Arial, serif;\"><span style=\"font-size: medium;\">Actualmente Luis se dedica a la carpinter\u00eda, hace muebles a pedido y siempre est\u00e1 innovando, incluso nos muestra unas cocinas solares que construy\u00f3 recientemente para la deshidrataci\u00f3n de frutas, nunca est\u00e1 quieto, quiere hacer cosas que lo mantengan activo, el nombre de su taller es \u201cEspemufe\u201d, que quiere decir \u201cEsperanza Perseverancia y Mucha Fe\u201d.<\/span><\/span><\/p>\n<p align=\"justify\"><span style=\"font-family: Arial, serif;\"><span style=\"font-size: medium;\">Luis invita a los devotos que concurren al lugar a dejarlo limpio, que lo ayuden a mantenerlo porque es un gran legado que est\u00e1 dejando a su pueblo. Dice que llega muy temprano al cerro, permanece una hora aproximadamente y los domingos est\u00e1 casi todo el d\u00eda haciendo mantenci\u00f3n, orando y ejercitando.<\/span><\/span><\/p>\n<p align=\"justify\"><span style=\"font-family: Arial, serif;\"><span style=\"font-size: medium;\">Tiene testimonio fotogr\u00e1fico de todo el proceso de la construcci\u00f3n de la gruta, todo lo hizo solo, llevaba desde su casa al cerro todo a pulso, hoy llena botellas con agua en su bicicleta que la tiene adaptada para llevar sus cosas, su mochila, siempre con la convicci\u00f3n de que la fe es fundamental para sentirse bien, para que su enfermedad no lo da\u00f1e ni da\u00f1e a su familia, \u201csiempre voy pensando y recuerdo c\u00f3mo estaba yo hace dos a\u00f1os que apenas me pod\u00eda mover, la fe en la Virgen me tiene as\u00ed y siempre voy a estar agradecido\u201d<\/span><\/span><\/p>\n<p>\u201c<span style=\"font-family: Arial, serif;\"><span style=\"font-size: medium;\">Mientras Dios y nuestra Reina me de fuerzas, estar\u00e9 all\u00e1 junto a la gruta\u201d, indic\u00f3 Aguirre.<\/span><\/span><\/p>\n","protected":false},"excerpt":{"rendered":"<p>Muchas veces nos hemos preguntado qui\u00e9n construyo el altar de la Virgen del Rosario que est\u00e1 en las alturas del Cerro El Curque, que se encuentra ubicado entre la poblaci\u00f3n Casuto y El Curque. Muchos mitos han surgido en torno a qui\u00e9n ser\u00eda el responsable de tan bello homenaje a nuestra Chinita de Andacollo. Creyentes [&hellip;]<\/p>\n","protected":false},"author":3,"featured_media":0,"comment_status":"open","ping_status":"open","sticky":false,"template":"","format":"standard","meta":{"_acf_changed":false,"footnotes":""},"categories":[1],"tags":[467,469,470,468],"acf":[],"aioseo_notices":[],"_links":{"self":[{"href":"https:\/\/www.andacolloconectado.cl\/index.php\/wp-json\/wp\/v2\/posts\/2371"}],"collection":[{"href":"https:\/\/www.andacolloconectado.cl\/index.php\/wp-json\/wp\/v2\/posts"}],"about":[{"href":"https:\/\/www.andacolloconectado.cl\/index.php\/wp-json\/wp\/v2\/types\/post"}],"author":[{"embeddable":true,"href":"https:\/\/www.andacolloconectado.cl\/index.php\/wp-json\/wp\/v2\/users\/3"}],"replies":[{"embeddable":true,"href":"https:\/\/www.andacolloconectado.cl\/index.php\/wp-json\/wp\/v2\/comments?post=2371"}],"version-history":[{"count":1,"href":"https:\/\/www.andacolloconectado.cl\/index.php\/wp-json\/wp\/v2\/posts\/2371\/revisions"}],"predecessor-version":[{"id":2373,"href":"https:\/\/www.andacolloconectado.cl\/index.php\/wp-json\/wp\/v2\/posts\/2371\/revisions\/2373"}],"wp:attachment":[{"href":"https:\/\/www.andacolloconectado.cl\/index.php\/wp-json\/wp\/v2\/media?parent=2371"}],"wp:term":[{"taxonomy":"category","embeddable":true,"href":"https:\/\/www.andacolloconectado.cl\/index.php\/wp-json\/wp\/v2\/categories?post=2371"},{"taxonomy":"post_tag","embeddable":true,"href":"https:\/\/www.andacolloconectado.cl\/index.php\/wp-json\/wp\/v2\/tags?post=2371"}],"curies":[{"name":"wp","href":"https:\/\/api.w.org\/{rel}","templated":true}]}}