{"id":2514,"date":"2016-07-20T13:45:58","date_gmt":"2016-07-20T13:45:58","guid":{"rendered":"http:\/\/www.andacolloconectado.cl\/?p=2514"},"modified":"2016-07-20T13:45:58","modified_gmt":"2016-07-20T13:45:58","slug":"33-trabajadores-de-pasmar-reciben-certificacion-en-competencias-laborales","status":"publish","type":"post","link":"https:\/\/www.andacolloconectado.cl\/index.php\/33-trabajadores-de-pasmar-reciben-certificacion-en-competencias-laborales\/","title":{"rendered":"33 trabajadores de Pasmar reciben certificaci\u00f3n en competencias laborales"},"content":{"rendered":"<p align=\"justify\"><span style=\"font-family: Arial, serif;\"><span style=\"font-size: medium;\"><i><b>Con la finalidad de mejorar la empleabilidad de los trabajadores de la empresa contratista y potenciar sus habilidades, es que se han realizado capacitaciones en diversas \u00e1reas y hoy Chile Valora certifica sus competencias laborales.<\/b><\/i><\/span><\/span><\/p>\n<p align=\"justify\"><span style=\"font-family: Arial, serif;\"><span style=\"font-size: medium;\">Desde que nace Pasmar hace m\u00e1s de 5 a\u00f1os, han estado desarrollando capacitaciones permanentes, donde la idea es poder certificar a los trabajadores para potenciar sus conocimientos y hacerlos m\u00e1s competitivos dentro del mercado laboral.<\/span><\/span><\/p>\n<p align=\"justify\"><span style=\"font-family: Arial, serif;\"><span style=\"font-size: medium;\">Este martes\u00a0en una ceremonia realizada en el sal\u00f3n Los Pilares de Compa\u00f1\u00eda Minera Teck, donde asistieron el alcalde Juan Carlos Alfaro, representantes del SENCE, el presidente del directorio de Chile Valora, Eitel Moraga, el Gerente General de Compa\u00f1\u00eda Minera Teck, Manual Novoa, y ejecutivos de la empresa, se entreg\u00f3 la certificaci\u00f3n en competencias laborales a 9 trabajadores en perfil Maestro General de Obras Menores y a 24 trabajadoras en perfil Auxiliar de Aseo en Plantas Industriales.<\/span><\/span><\/p>\n<p align=\"justify\"><span style=\"font-family: Arial, serif;\"><span style=\"font-size: medium;\">Yako Pasten, Gerente General de Pasmar, sostuvo que esta certificaci\u00f3n es una de las m\u00e1s importantes que obtienen los trabajadores de la empresa, \u201cporque sin lugar a dudas involucra en un 100% a nuestro personal, es una certificaci\u00f3n donde les estamos entregando un t\u00edtulo y estamos diciendo que ellos son especialistas en su oficio\u201d.<\/span><\/span><\/p>\n<p align=\"justify\"><span style=\"font-family: Arial, serif;\"><span style=\"font-size: medium;\">Se\u00f1al\u00f3 que a trav\u00e9s de Chile Valora se logr\u00f3 certificar a los trabajadores, gener\u00e1ndole nuevas expectativas, una mejor empleabilidad y proyectarlos hacia un futuro con m\u00e1s opciones laborales \u201cfundamentalmente porque son andacollinos, por lo tanto hay un gran compromiso de Pasmar con los trabajadores de nuestra comuna para que ellos tengan mejores oportunidades\u201d.<\/span><\/span><\/p>\n<p align=\"justify\"><span style=\"font-family: Arial, serif;\"><span style=\"font-size: medium;\">Los asistentes a la ceremonia reconocieron en Pasmar una empresa comprometida con su personal desde el momento que buscan las mejores opciones de capacitaci\u00f3n y esperan que otras empresas contratista sigan el ejemplo de dar valor agregado a sus trabajadores.<\/span><\/span><\/p>\n<p align=\"justify\"><span style=\"font-family: Arial, serif;\"><span style=\"font-size: medium;\">Etiel Moraga, Presidente del directorio de Chile Valora, indic\u00f3 que lo que se hace es reconocer la labor del trabajador y que lo aprendi\u00f3 en funci\u00f3n de sus necesidades \u201choy d\u00edas no hay escuela, ni instituto o universidad que eduque a trabajadores en la especialidad que nosotros certificamos, por lo tanto es de una importancia vital\u201d. Agreg\u00f3 que esto le crea un compromiso a la empresa \u201cporque tiene un trabajador mucho m\u00e1s calificado y por supuesto que eleva su capacidad productiva\u201d.<\/span><\/span><\/p>\n<p align=\"justify\"><span style=\"font-family: Arial, serif;\"><span style=\"font-size: medium;\">Los beneficiados\u00a0valoraron esta instancia y reconocieron que eleva las oportunidades de ir creciendo dentro de la empresa, pero tambi\u00e9n les entrega las herramientas para optar a nuevas opciones de trabajo cuando, por ejemplo, tengan que emigrar de Andacollo.<\/span><\/span><\/p>\n<p align=\"justify\"><span style=\"font-family: Arial, serif;\"><span style=\"font-size: medium;\">Para Lorena Carrizo, quien se desempe\u00f1a como Coordinadora del Servicio de Aseo, esta certificaci\u00f3n es un gran beneficio para todas las mujeres que son jefas de hogar. \u201cEl hecho de estar certificadas te abre otras puertas porque ayuda a visualizar otras cosas para tener un futuro m\u00e1s provechoso, adem\u00e1s estamos felices porque nuestros hijos est\u00e1n orgullosos de nosotras y les hemos demostrado que nunca es tarde para aprender, por lo que nos hemos convertido en un gran ejemplo para ellos\u201d, dijo.<\/span><\/span><\/p>\n<p align=\"justify\"><span style=\"font-family: Arial, serif;\"><span style=\"font-size: medium;\">Irma Ju\u00e1rez, quien tambi\u00e9n se desempe\u00f1a en el servicio de aseo, dijo estar muy contenta \u201cporque nuestra empresa nos da las herramientas para seguir ejerciendo nuestro trabajo y dar una mejor impresi\u00f3n a la empresa mandante\u201d. Irma es casada tiene dos hijas, una de 21 que est\u00e1 terminando la carrera T\u00e9cnico en Enfermer\u00eda y una de 15 que cursa la ense\u00f1anza media, dice que gracias a su trabajo aporta con la mitad de los gastos de su hogar junto a su marido, \u201cesto me sirve para darle una mejor calidad de vida a nuestras hijas, y gracias a la certificaci\u00f3n yo tengo m\u00e1s competitividad y m\u00e1s adelante podr\u00e9 optar a nuevas oportunidades laborales\u201d<\/span><\/span><\/p>\n","protected":false},"excerpt":{"rendered":"<p>Con la finalidad de mejorar la empleabilidad de los trabajadores de la empresa contratista y potenciar sus habilidades, es que se han realizado capacitaciones en diversas \u00e1reas y hoy Chile Valora certifica sus competencias laborales. Desde que nace Pasmar hace m\u00e1s de 5 a\u00f1os, han estado desarrollando capacitaciones permanentes, donde la idea es poder certificar [&hellip;]<\/p>\n","protected":false},"author":3,"featured_media":0,"comment_status":"open","ping_status":"open","sticky":false,"template":"","format":"standard","meta":{"_acf_changed":false,"footnotes":""},"categories":[1],"tags":[417,490,308],"acf":[],"aioseo_notices":[],"_links":{"self":[{"href":"https:\/\/www.andacolloconectado.cl\/index.php\/wp-json\/wp\/v2\/posts\/2514"}],"collection":[{"href":"https:\/\/www.andacolloconectado.cl\/index.php\/wp-json\/wp\/v2\/posts"}],"about":[{"href":"https:\/\/www.andacolloconectado.cl\/index.php\/wp-json\/wp\/v2\/types\/post"}],"author":[{"embeddable":true,"href":"https:\/\/www.andacolloconectado.cl\/index.php\/wp-json\/wp\/v2\/users\/3"}],"replies":[{"embeddable":true,"href":"https:\/\/www.andacolloconectado.cl\/index.php\/wp-json\/wp\/v2\/comments?post=2514"}],"version-history":[{"count":1,"href":"https:\/\/www.andacolloconectado.cl\/index.php\/wp-json\/wp\/v2\/posts\/2514\/revisions"}],"predecessor-version":[{"id":2516,"href":"https:\/\/www.andacolloconectado.cl\/index.php\/wp-json\/wp\/v2\/posts\/2514\/revisions\/2516"}],"wp:attachment":[{"href":"https:\/\/www.andacolloconectado.cl\/index.php\/wp-json\/wp\/v2\/media?parent=2514"}],"wp:term":[{"taxonomy":"category","embeddable":true,"href":"https:\/\/www.andacolloconectado.cl\/index.php\/wp-json\/wp\/v2\/categories?post=2514"},{"taxonomy":"post_tag","embeddable":true,"href":"https:\/\/www.andacolloconectado.cl\/index.php\/wp-json\/wp\/v2\/tags?post=2514"}],"curies":[{"name":"wp","href":"https:\/\/api.w.org\/{rel}","templated":true}]}}