{"id":2552,"date":"2016-07-26T12:37:28","date_gmt":"2016-07-26T12:37:28","guid":{"rendered":"http:\/\/www.andacolloconectado.cl\/?p=2552"},"modified":"2016-07-26T12:37:28","modified_gmt":"2016-07-26T12:37:28","slug":"catequistas-de-la-vicaria-de-coquimbo-se-congregan-en-el-santuario-de-andacollo","status":"publish","type":"post","link":"https:\/\/www.andacolloconectado.cl\/index.php\/catequistas-de-la-vicaria-de-coquimbo-se-congregan-en-el-santuario-de-andacollo\/","title":{"rendered":"Catequistas de la Vicar\u00eda de Coquimbo se congregan en el Santuario de Andacollo"},"content":{"rendered":"<p align=\"justify\"><span style=\"font-family: Arial, serif;\"><span style=\"font-size: medium;\">Con una jornada de reflexi\u00f3n, oraci\u00f3n y amor fraterno, culmin\u00f3 el encuentro de Catequistas de la Vicar\u00eda de Coquimbo que este s\u00e1bado se congregaron en el Santuario de Nuestra Se\u00f1ora del Rosario de Andacollo.<\/span><\/span><\/p>\n<p align=\"justify\"><span style=\"font-family: Arial, serif;\"><span style=\"font-size: medium;\">Desde temprano participaron de un encuentro basado en el tiempo que la Iglesia est\u00e1 viviendo, el a\u00f1o de la Misericordia, con el Tema \u201cCatequistas: un educador de misericordia y para la misericordia\u201d dirigido por el Padre Jos\u00e9 Padilla. Posteriormente compartieron juegos de din\u00e1micas y presentaciones de peque\u00f1as obras teatrales.<\/span><\/span><\/p>\n<p align=\"justify\"><span style=\"font-family: Arial, serif;\"><span style=\"font-size: medium;\">Por la tarde llegaron hasta la Puerta Santa para encomendar su trabajo y formaci\u00f3n a Dios Padre y a la Virgen de Andacollo. La celebraci\u00f3n de la santa Misa fue presidida por el Arzobispo Ren\u00e9 Rebolledo, acompa\u00f1ado del Padre Jos\u00e9 Manuel Tapia, Vicario de Coquimbo, y el Padre Jos\u00e9 Padilla, Misionero redentorista de la parroquia San pedro de Coquimbo.<\/span><\/span><\/p>\n","protected":false},"excerpt":{"rendered":"<p>Con una jornada de reflexi\u00f3n, oraci\u00f3n y amor fraterno, culmin\u00f3 el encuentro de Catequistas de la Vicar\u00eda de Coquimbo que este s\u00e1bado se congregaron en el Santuario de Nuestra Se\u00f1ora del Rosario de Andacollo. Desde temprano participaron de un encuentro basado en el tiempo que la Iglesia est\u00e1 viviendo, el a\u00f1o de la Misericordia, con [&hellip;]<\/p>\n","protected":false},"author":3,"featured_media":0,"comment_status":"open","ping_status":"open","sticky":false,"template":"","format":"standard","meta":{"_acf_changed":false,"footnotes":""},"categories":[1],"tags":[510,112,511],"acf":[],"aioseo_notices":[],"_links":{"self":[{"href":"https:\/\/www.andacolloconectado.cl\/index.php\/wp-json\/wp\/v2\/posts\/2552"}],"collection":[{"href":"https:\/\/www.andacolloconectado.cl\/index.php\/wp-json\/wp\/v2\/posts"}],"about":[{"href":"https:\/\/www.andacolloconectado.cl\/index.php\/wp-json\/wp\/v2\/types\/post"}],"author":[{"embeddable":true,"href":"https:\/\/www.andacolloconectado.cl\/index.php\/wp-json\/wp\/v2\/users\/3"}],"replies":[{"embeddable":true,"href":"https:\/\/www.andacolloconectado.cl\/index.php\/wp-json\/wp\/v2\/comments?post=2552"}],"version-history":[{"count":1,"href":"https:\/\/www.andacolloconectado.cl\/index.php\/wp-json\/wp\/v2\/posts\/2552\/revisions"}],"predecessor-version":[{"id":2554,"href":"https:\/\/www.andacolloconectado.cl\/index.php\/wp-json\/wp\/v2\/posts\/2552\/revisions\/2554"}],"wp:attachment":[{"href":"https:\/\/www.andacolloconectado.cl\/index.php\/wp-json\/wp\/v2\/media?parent=2552"}],"wp:term":[{"taxonomy":"category","embeddable":true,"href":"https:\/\/www.andacolloconectado.cl\/index.php\/wp-json\/wp\/v2\/categories?post=2552"},{"taxonomy":"post_tag","embeddable":true,"href":"https:\/\/www.andacolloconectado.cl\/index.php\/wp-json\/wp\/v2\/tags?post=2552"}],"curies":[{"name":"wp","href":"https:\/\/api.w.org\/{rel}","templated":true}]}}