{"id":2623,"date":"2016-08-05T18:08:34","date_gmt":"2016-08-05T18:08:34","guid":{"rendered":"http:\/\/www.andacolloconectado.cl\/?p=2623"},"modified":"2016-08-05T18:09:37","modified_gmt":"2016-08-05T18:09:37","slug":"mas-de-cien-jovenes-de-andacollo-reciben-beca-para-apoyar-su-educacion-superior","status":"publish","type":"post","link":"https:\/\/www.andacolloconectado.cl\/index.php\/mas-de-cien-jovenes-de-andacollo-reciben-beca-para-apoyar-su-educacion-superior\/","title":{"rendered":"M\u00e1s de cien j\u00f3venes de Andacollo reciben Beca para apoyar su educaci\u00f3n superior"},"content":{"rendered":"<p><b>Por sexto a\u00f1o consecutivo, se reconoci\u00f3 el esfuerzo de estudiantes de la comuna a trav\u00e9s de las Becas Sociales de Teck CDA. Gracias al trabajo con la Mesa Ejecutiva por Andacollo, este a\u00f1o se incrementaron los recursos destinados a esta iniciativa.<\/b><\/p>\n<p>Un importante impulso para su formaci\u00f3n profesional recibieron 110 estudiantes de educaci\u00f3n superior gracias a la entrega de las Becas Sociales de Compa\u00f1\u00eda Minera Teck Carmen de Andacollo. La iniciativa permiti\u00f3 aportar recursos a j\u00f3venes con rendimiento sobresaliente y que tuvieran dificultades econ\u00f3micas.<\/p>\n<p>La entrega de estas becas se materializ\u00f3 a trav\u00e9s de la Mesa Ejecutiva por Andacollo, instancia de la que participa la propia comunidad, el municipio, organizaciones sociales y Compa\u00f1\u00eda Minera Teck Carmen de Andacollo. Esta alianza permiti\u00f3 aumentar el monto general de las asignaciones con una inversi\u00f3n de la minera cercana a los 17 millones de pesos.<\/p>\n<p>Juan Carlos Alfaro, Alcalde de Andacollo, valor\u00f3 la entrega del beneficio, se\u00f1alando que contribuyen a mejorar las posibilidades acad\u00e9micas de los estudiantes. \u201cHoy existen muchas instancias para apoyar la educaci\u00f3n, sin embargo siempre es complicado enfrentar los gastos que se generan. En este sentido, valoramos el aporte que realiza la compa\u00f1\u00eda y los recursos que destinan para contribuir con los gastos que realizan los j\u00f3venes de la comuna que cursan la educaci\u00f3n superior\u201d, indic\u00f3 la autoridad comunal.<\/p>\n<p>Manuel Novoa, Gerente General de Compa\u00f1\u00eda Minera Teck Carmen de Andacollo, destac\u00f3 el inter\u00e9s de los estudiantes por participar del proceso 2016 y precis\u00f3 que los beneficiarios fueron seleccionados por un comit\u00e9 integrado por representantes de la comunidad que evaluaron aspectos socioecon\u00f3micos y acad\u00e9micos de los postulantes. El ejecutivo adem\u00e1s indic\u00f3 que \u201cpara Teck la educaci\u00f3n es uno de los ejes centrales del trabajo comunitario y que en la medida que podamos invertir en educaci\u00f3n, tambi\u00e9n lo hacemos en el futuro de los j\u00f3venes. Precisamente, esta beca apunta a ser un aporte econ\u00f3mico para ellos y sus familias. Estamos muy contentos y esperamos en un futuro evaluar- en la medida de nuestras posibilidades- extender este beneficio y apoyar a m\u00e1s estudiantes de la comuna\u201d.<\/p>\n<p>El incentivo consisti\u00f3 en una asignaci\u00f3n de 150 mil pesos, recursos que los beneficiarios utilizaran para sus traslados hacia sus centros de estudios, compra de materiales o el pago de la matr\u00edcula. Javiera Alvares, Estudiante de Geo- Miner\u00eda de CEDUC UCN, valor\u00f3 la entrega de esta beca y se\u00f1al\u00f3 que \u201cconstituye un apoyo bastante importante, porque viajo todos los d\u00edas y se gasta bastante dinero\u201d. En tanto, Claudia Cerda, estudiante de Educaci\u00f3n Parvularia de la Universidad de La Serena, destac\u00f3 que \u201ces un apoyo econ\u00f3mico muy \u00fatil para nosotros y nuestras familias. Utilizar\u00e9 el dinero principalmente para la compra de materiales, porque en mi carrera se utilizan bastantes.<\/p>\n<p>Desde su lanzamiento formal, el a\u00f1o 2011, las Becas Teck CDA han favorecido a estudiantes de la comuna de Andacollo con la entrega de m\u00e1s 500 asignaciones. El a\u00f1o 2015 la iniciativa fue validada por la Mesa Ejecutiva por Andacollo, instancia que reconoci\u00f3 su valor y contribuci\u00f3n con la educaci\u00f3n en la comuna de Andacollo.<\/p>\n<p class=\"western\" lang=\"es-ES\" align=\"justify\">\n","protected":false},"excerpt":{"rendered":"<p>Por sexto a\u00f1o consecutivo, se reconoci\u00f3 el esfuerzo de estudiantes de la comuna a trav\u00e9s de las Becas Sociales de Teck CDA. Gracias al trabajo con la Mesa Ejecutiva por Andacollo, este a\u00f1o se incrementaron los recursos destinados a esta iniciativa. Un importante impulso para su formaci\u00f3n profesional recibieron 110 estudiantes de educaci\u00f3n superior gracias [&hellip;]<\/p>\n","protected":false},"author":3,"featured_media":0,"comment_status":"open","ping_status":"open","sticky":false,"template":"","format":"standard","meta":{"_acf_changed":false,"footnotes":""},"categories":[1],"tags":[401],"acf":[],"aioseo_notices":[],"_links":{"self":[{"href":"https:\/\/www.andacolloconectado.cl\/index.php\/wp-json\/wp\/v2\/posts\/2623"}],"collection":[{"href":"https:\/\/www.andacolloconectado.cl\/index.php\/wp-json\/wp\/v2\/posts"}],"about":[{"href":"https:\/\/www.andacolloconectado.cl\/index.php\/wp-json\/wp\/v2\/types\/post"}],"author":[{"embeddable":true,"href":"https:\/\/www.andacolloconectado.cl\/index.php\/wp-json\/wp\/v2\/users\/3"}],"replies":[{"embeddable":true,"href":"https:\/\/www.andacolloconectado.cl\/index.php\/wp-json\/wp\/v2\/comments?post=2623"}],"version-history":[{"count":2,"href":"https:\/\/www.andacolloconectado.cl\/index.php\/wp-json\/wp\/v2\/posts\/2623\/revisions"}],"predecessor-version":[{"id":2626,"href":"https:\/\/www.andacolloconectado.cl\/index.php\/wp-json\/wp\/v2\/posts\/2623\/revisions\/2626"}],"wp:attachment":[{"href":"https:\/\/www.andacolloconectado.cl\/index.php\/wp-json\/wp\/v2\/media?parent=2623"}],"wp:term":[{"taxonomy":"category","embeddable":true,"href":"https:\/\/www.andacolloconectado.cl\/index.php\/wp-json\/wp\/v2\/categories?post=2623"},{"taxonomy":"post_tag","embeddable":true,"href":"https:\/\/www.andacolloconectado.cl\/index.php\/wp-json\/wp\/v2\/tags?post=2623"}],"curies":[{"name":"wp","href":"https:\/\/api.w.org\/{rel}","templated":true}]}}