{"id":2671,"date":"2016-08-16T12:26:54","date_gmt":"2016-08-16T12:26:54","guid":{"rendered":"http:\/\/www.andacolloconectado.cl\/?p=2671"},"modified":"2016-08-16T12:26:54","modified_gmt":"2016-08-16T12:26:54","slug":"pareja-de-profesores-andacollinos-obtiene-segundo-lugar-en-regional-de-cueca","status":"publish","type":"post","link":"https:\/\/www.andacolloconectado.cl\/index.php\/pareja-de-profesores-andacollinos-obtiene-segundo-lugar-en-regional-de-cueca\/","title":{"rendered":"Pareja de profesores andacollinos obtiene segundo lugar en regional de cueca"},"content":{"rendered":"<p align=\"justify\"><span style=\"font-family: Arial, serif;\"><span style=\"font-size: medium;\">Los profesores Mar\u00eda Rita Cifuentes de la escuela Luis Cruz Mart\u00ednez y el profesor V\u00edctor Soto de Nuestra Se\u00f1ora del Rosario, fueron los representantes de nuestra comuna en el concurso regional del colegio de profesores que se realiz\u00f3 este viernes en la comuna de Vicu\u00f1a. La pareja se qued\u00f3 con\u00a0el segundo lugar, obteniendo adem\u00e1s gran apoyo del p\u00fablico que asisti\u00f3 a dicho encuentro.<\/span><\/span><\/p>\n<p align=\"justify\"><span style=\"font-family: Arial, serif;\"><span style=\"font-size: medium;\">El primer lugar lo obtuvo la pareja que representaba a la comuna de Coquimbo y el tercer lugar, los concursantes de Ovalle. El encuentro se realiz\u00f3 en el escenario principal de la plaza Gabriela Mistral de la comuna elquina y es una actividad que se realiza todos los a\u00f1os organizado por el colegio de profesores de la Regi\u00f3n de Coquimbo.<\/span><\/span><\/p>\n<p align=\"justify\"><span style=\"font-family: Arial, serif;\"><span style=\"font-size: medium;\">Seg\u00fan se\u00f1al\u00f3 Mar\u00eda Rita Cifuentes, esta experiencia \u201cpara mi signific\u00f3 asumir la responsabilidad de aprender a bailar la cueca, preparar la coreograf\u00eda y vestimenta\u201d. El colegio de profesores realiza este campeonato con el objetivo de preservar y difundir nuestro baile nacional, cuyo \u00fanico requisito de participaci\u00f3n es ser profesor colegiado.<\/span><\/span><\/p>\n<p align=\"justify\"><span style=\"font-family: Arial, serif;\"><span style=\"font-size: medium;\">Agreg\u00f3 que como pareja de cueca se prepararon y ensayaron con el apoyo de Ver\u00f3nica Castillo Soto \u201cy de manera personal tambi\u00e9n con mi hijo Ignacio Rivera, campe\u00f3n comunal del cueca el a\u00f1o 2013, y con Valentina Blanco, estudiante de la escuela Luis Cruz Mart\u00ednez y campeona comunal de este a\u00f1o. La idea era representar de buena manera a Andacollo, no busc\u00e1bamos el campeonato s\u00f3lo disfrutar de lo que hac\u00edamos\u201d.<\/span><\/span><\/p>\n<p align=\"justify\"><span style=\"font-family: Arial, serif;\"><span style=\"font-size: medium;\">Adem\u00e1s recibieron el apoyo de personas dispuestas a colaborar con sus conocimientos y vestuario, a\u00f1adi\u00f3 que \u201cagradezco infinitamente a cada uno de ellos y a mi familia por supuesto que de manera incondicional siempre apoyan cada paso que doy\u201d.<\/span><\/span><\/p>\n<p align=\"justify\">\u201c<span style=\"font-family: Arial, serif;\"><span style=\"font-size: medium;\">Ganamos adem\u00e1s de un segundo lugar una hermosa experiencia y el reconocimiento y cari\u00f1o del p\u00fablico\u201d, finaliz\u00f3 la profesora.<\/span><\/span><\/p>\n","protected":false},"excerpt":{"rendered":"<p>Los profesores Mar\u00eda Rita Cifuentes de la escuela Luis Cruz Mart\u00ednez y el profesor V\u00edctor Soto de Nuestra Se\u00f1ora del Rosario, fueron los representantes de nuestra comuna en el concurso regional del colegio de profesores que se realiz\u00f3 este viernes en la comuna de Vicu\u00f1a. La pareja se qued\u00f3 con\u00a0el segundo lugar, obteniendo adem\u00e1s gran [&hellip;]<\/p>\n","protected":false},"author":3,"featured_media":0,"comment_status":"open","ping_status":"open","sticky":false,"template":"","format":"standard","meta":{"_acf_changed":false,"footnotes":""},"categories":[1],"tags":[189,556,554,549,555],"acf":[],"aioseo_notices":[],"_links":{"self":[{"href":"https:\/\/www.andacolloconectado.cl\/index.php\/wp-json\/wp\/v2\/posts\/2671"}],"collection":[{"href":"https:\/\/www.andacolloconectado.cl\/index.php\/wp-json\/wp\/v2\/posts"}],"about":[{"href":"https:\/\/www.andacolloconectado.cl\/index.php\/wp-json\/wp\/v2\/types\/post"}],"author":[{"embeddable":true,"href":"https:\/\/www.andacolloconectado.cl\/index.php\/wp-json\/wp\/v2\/users\/3"}],"replies":[{"embeddable":true,"href":"https:\/\/www.andacolloconectado.cl\/index.php\/wp-json\/wp\/v2\/comments?post=2671"}],"version-history":[{"count":1,"href":"https:\/\/www.andacolloconectado.cl\/index.php\/wp-json\/wp\/v2\/posts\/2671\/revisions"}],"predecessor-version":[{"id":2673,"href":"https:\/\/www.andacolloconectado.cl\/index.php\/wp-json\/wp\/v2\/posts\/2671\/revisions\/2673"}],"wp:attachment":[{"href":"https:\/\/www.andacolloconectado.cl\/index.php\/wp-json\/wp\/v2\/media?parent=2671"}],"wp:term":[{"taxonomy":"category","embeddable":true,"href":"https:\/\/www.andacolloconectado.cl\/index.php\/wp-json\/wp\/v2\/categories?post=2671"},{"taxonomy":"post_tag","embeddable":true,"href":"https:\/\/www.andacolloconectado.cl\/index.php\/wp-json\/wp\/v2\/tags?post=2671"}],"curies":[{"name":"wp","href":"https:\/\/api.w.org\/{rel}","templated":true}]}}