{"id":2703,"date":"2016-08-22T12:39:50","date_gmt":"2016-08-22T12:39:50","guid":{"rendered":"http:\/\/www.andacolloconectado.cl\/?p=2703"},"modified":"2016-08-22T12:41:37","modified_gmt":"2016-08-22T12:41:37","slug":"autoridades-regionales-donaron-indumentaria-a-la-seleccion-de-futbol-de-andacollo","status":"publish","type":"post","link":"https:\/\/www.andacolloconectado.cl\/index.php\/autoridades-regionales-donaron-indumentaria-a-la-seleccion-de-futbol-de-andacollo\/","title":{"rendered":"Autoridades regionales donaron indumentaria a la Selecci\u00f3n de F\u00fatbol de Andacollo"},"content":{"rendered":"<p>Este s\u00e1bado 20, los dirigentes de la Asociaci\u00f3n de F\u00fatbol de Andacollo viajaron hasta La Serena para recibir la donaci\u00f3n de camisetas y balones por parte de los Consejeros Regionales, Gobernaci\u00f3n del Elqui y ANFA.<\/p>\n<p>En esta jornada tambi\u00e9n estuvieron presentes dirigentes de los 16 equipos pertenecientes a ANFA que de igual modo se vieron beneficiados con este importante donaci\u00f3n de cara a las Eliminatorias Regionales.<\/p>\n<p>Fuente: Francisco Javier Valdivia Castillo, programa Tercer Tiempo, se\u00f1al 6 .<\/p>\n","protected":false},"excerpt":{"rendered":"<p>Este s\u00e1bado 20, los dirigentes de la Asociaci\u00f3n de F\u00fatbol de Andacollo viajaron hasta La Serena para recibir la donaci\u00f3n de camisetas y balones por parte de los Consejeros Regionales, Gobernaci\u00f3n del Elqui y ANFA. En esta jornada tambi\u00e9n estuvieron presentes dirigentes de los 16 equipos pertenecientes a ANFA que de igual modo se vieron [&hellip;]<\/p>\n","protected":false},"author":3,"featured_media":0,"comment_status":"open","ping_status":"open","sticky":false,"template":"","format":"standard","meta":{"_acf_changed":false,"footnotes":""},"categories":[1],"tags":[579,34,577,578,576,567],"acf":[],"aioseo_notices":[],"_links":{"self":[{"href":"https:\/\/www.andacolloconectado.cl\/index.php\/wp-json\/wp\/v2\/posts\/2703"}],"collection":[{"href":"https:\/\/www.andacolloconectado.cl\/index.php\/wp-json\/wp\/v2\/posts"}],"about":[{"href":"https:\/\/www.andacolloconectado.cl\/index.php\/wp-json\/wp\/v2\/types\/post"}],"author":[{"embeddable":true,"href":"https:\/\/www.andacolloconectado.cl\/index.php\/wp-json\/wp\/v2\/users\/3"}],"replies":[{"embeddable":true,"href":"https:\/\/www.andacolloconectado.cl\/index.php\/wp-json\/wp\/v2\/comments?post=2703"}],"version-history":[{"count":5,"href":"https:\/\/www.andacolloconectado.cl\/index.php\/wp-json\/wp\/v2\/posts\/2703\/revisions"}],"predecessor-version":[{"id":2709,"href":"https:\/\/www.andacolloconectado.cl\/index.php\/wp-json\/wp\/v2\/posts\/2703\/revisions\/2709"}],"wp:attachment":[{"href":"https:\/\/www.andacolloconectado.cl\/index.php\/wp-json\/wp\/v2\/media?parent=2703"}],"wp:term":[{"taxonomy":"category","embeddable":true,"href":"https:\/\/www.andacolloconectado.cl\/index.php\/wp-json\/wp\/v2\/categories?post=2703"},{"taxonomy":"post_tag","embeddable":true,"href":"https:\/\/www.andacolloconectado.cl\/index.php\/wp-json\/wp\/v2\/tags?post=2703"}],"curies":[{"name":"wp","href":"https:\/\/api.w.org\/{rel}","templated":true}]}}