{"id":2712,"date":"2016-08-23T14:18:55","date_gmt":"2016-08-23T14:18:55","guid":{"rendered":"http:\/\/www.andacolloconectado.cl\/?p=2712"},"modified":"2016-08-23T14:18:55","modified_gmt":"2016-08-23T14:18:55","slug":"sobre-un-80-de-avance-presenta-estadio-municipal-de-andacollo","status":"publish","type":"post","link":"https:\/\/www.andacolloconectado.cl\/index.php\/sobre-un-80-de-avance-presenta-estadio-municipal-de-andacollo\/","title":{"rendered":"Sobre un 80% de avance presenta Estadio Municipal de Andacollo"},"content":{"rendered":"<p align=\"justify\"><span style=\"font-family: Arial, serif;\"><span style=\"font-size: medium;\">Para el 17 de septiembre estar\u00eda fijada la fecha de entrega de la obra en primera instancia, pero seg\u00fan nos comenta el Inspector T\u00e9cnico, este plazo podr\u00eda extenderse.<\/span><\/span><\/p>\n<p align=\"justify\"><span style=\"font-family: Arial, serif;\"><span style=\"font-size: medium;\">El Estadio Municipal, cuya inversi\u00f3n bordea los 1500 millones de pesos, tendr\u00e1 una capacidad para 810 personas sentadas en butacas. Hoy la obra est\u00e1 a cargo de la empresa de Guillermo Loaiza, luego de pasar por otras empresas que no lograron llegar hasta la etapa final de la remoci\u00f3n del recinto deportivo.<\/span><\/span><\/p>\n<p align=\"justify\"><span style=\"font-family: Arial, serif;\"><span style=\"font-size: medium;\">Es una obra de gran la magnitud que cuenta con un gran hall central al que se accede por una puerta de cristal y con marcos de aluminio, ah\u00ed tendr\u00e1n acceso los jugadores, cuerpo t\u00e9cnico, \u00e1rbitros y dirigentes. El Inspector T\u00e9cnico, Javier Mu\u00f1oz nos dio a conocer la distribuci\u00f3n de los camarines en las dos alas del estadio y sectores del primer piso, que tendr\u00e1 entre otras novedades una sala para que se puedan realizar conferencia de prensa, una enfermer\u00eda que contar\u00e1 con las instalaciones necesaria para este fin y con 4 camarines que tienen 7 duchas, sector de vestidores, ba\u00f1os con vanitorios y una oficina con servicio higi\u00e9nico particular para el entrenador. La cantidad de metros cuadrados de los modernos camarines son muy superiores a los que tienen hoy las canchas del mismo estadio y del Parque Oasis. <\/span><\/span><\/p>\n<p align=\"justify\"><span style=\"font-family: Arial, serif;\"><span style=\"font-size: medium;\">Luego de visitar el primer piso subimos hasta el segundo nivel donde se encuentran los ba\u00f1os para el p\u00fablico, dentro de ellos para discapacitados y 3 locales de comida con lavaplatos, agua potable y con dos bodegas para almacenar productos.<\/span><\/span><\/p>\n<p align=\"justify\"><span style=\"font-family: Arial, serif;\"><span style=\"font-size: medium;\">En el tercer piso se encontrar\u00e1 el p\u00fablico, que pueden subir desde el segundo al tercer nivel, por 4 amplios accesos. La grader\u00eda de concreto tiene 8 niveles y contar\u00e1 con 810 butacas para que el p\u00fablico est\u00e9 c\u00f3modamente sentado.<\/span><\/span><\/p>\n<p align=\"justify\"><span style=\"font-family: Arial, serif;\"><span style=\"font-size: medium;\">Adem\u00e1s el nuevo recinto deportivo contar\u00e1 con 4 torres de iluminaci\u00f3n con 9 focos cada una y que entregar\u00e1 una luminosidad sobre los 500 lux. Adem\u00e1s poseer\u00e1 un marcador electr\u00f3nico.<\/span><\/span><\/p>\n<p align=\"justify\"><span style=\"font-family: Arial, serif;\"><span style=\"font-size: medium;\">Seg\u00fan comenta el alcalde Juan Carlos Alfaro, esto ser\u00e1 en una primera etapa, porque ya se encuentran trabajando en el dise\u00f1o de una segunda etapa, que contempla ampliar la cantidad de grader\u00edas y butacas, una cancha de tenis, \u00e1reas verdes, entre otros agredidos, En esta segunda etapa la inversi\u00f3n puede llegar a los 2 mil millones de pesos y pretenden \u00b4presentarlo tambi\u00e9n al Gobierno Regional.<\/span><\/span><\/p>\n","protected":false},"excerpt":{"rendered":"<p>Para el 17 de septiembre estar\u00eda fijada la fecha de entrega de la obra en primera instancia, pero seg\u00fan nos comenta el Inspector T\u00e9cnico, este plazo podr\u00eda extenderse. El Estadio Municipal, cuya inversi\u00f3n bordea los 1500 millones de pesos, tendr\u00e1 una capacidad para 810 personas sentadas en butacas. Hoy la obra est\u00e1 a cargo de [&hellip;]<\/p>\n","protected":false},"author":3,"featured_media":0,"comment_status":"open","ping_status":"open","sticky":false,"template":"","format":"standard","meta":{"_acf_changed":false,"footnotes":""},"categories":[1],"tags":[581],"acf":[],"aioseo_notices":[],"_links":{"self":[{"href":"https:\/\/www.andacolloconectado.cl\/index.php\/wp-json\/wp\/v2\/posts\/2712"}],"collection":[{"href":"https:\/\/www.andacolloconectado.cl\/index.php\/wp-json\/wp\/v2\/posts"}],"about":[{"href":"https:\/\/www.andacolloconectado.cl\/index.php\/wp-json\/wp\/v2\/types\/post"}],"author":[{"embeddable":true,"href":"https:\/\/www.andacolloconectado.cl\/index.php\/wp-json\/wp\/v2\/users\/3"}],"replies":[{"embeddable":true,"href":"https:\/\/www.andacolloconectado.cl\/index.php\/wp-json\/wp\/v2\/comments?post=2712"}],"version-history":[{"count":2,"href":"https:\/\/www.andacolloconectado.cl\/index.php\/wp-json\/wp\/v2\/posts\/2712\/revisions"}],"predecessor-version":[{"id":2718,"href":"https:\/\/www.andacolloconectado.cl\/index.php\/wp-json\/wp\/v2\/posts\/2712\/revisions\/2718"}],"wp:attachment":[{"href":"https:\/\/www.andacolloconectado.cl\/index.php\/wp-json\/wp\/v2\/media?parent=2712"}],"wp:term":[{"taxonomy":"category","embeddable":true,"href":"https:\/\/www.andacolloconectado.cl\/index.php\/wp-json\/wp\/v2\/categories?post=2712"},{"taxonomy":"post_tag","embeddable":true,"href":"https:\/\/www.andacolloconectado.cl\/index.php\/wp-json\/wp\/v2\/tags?post=2712"}],"curies":[{"name":"wp","href":"https:\/\/api.w.org\/{rel}","templated":true}]}}