{"id":2739,"date":"2016-08-26T13:15:43","date_gmt":"2016-08-26T13:15:43","guid":{"rendered":"http:\/\/www.andacolloconectado.cl\/?p=2739"},"modified":"2016-08-26T13:15:43","modified_gmt":"2016-08-26T13:15:43","slug":"este-sabado-los-leones-amarillos-salen-a-enfrentar-a-su-similar-de-san-juan","status":"publish","type":"post","link":"https:\/\/www.andacolloconectado.cl\/index.php\/este-sabado-los-leones-amarillos-salen-a-enfrentar-a-su-similar-de-san-juan\/","title":{"rendered":"Este s\u00e1bado los \u00abLeones Amarillos\u00bb salen a enfrentar a su similar de San Juan"},"content":{"rendered":"<p align=\"justify\"><span style=\"font-family: Arial, serif;\"><span style=\"font-size: medium;\">Tras intensos meses de preparaci\u00f3n de los seleccionados andacollinos, lleg\u00f3 la hora de demostrar todo en la cancha ante San Juan este s\u00e1bado 27 de agosto a partir de las 15:30 horas en el estadio comunal, en el debut de ambas escuadras en las Eliminatorias Regionales.<\/span><\/span><\/p>\n<p align=\"justify\"><span style=\"font-family: Arial, serif;\"><span style=\"font-size: medium;\">La jornada sabatina comenzar\u00e1 a las 12:00 horas con la concentraci\u00f3n de los jugadores en el restaurante Tabankura, donde disfrutar\u00e1n de un almuerzo y se recibir\u00e1n las \u00faltimas indicaciones por parte del cuerpo t\u00e9cnico de las dos categor\u00edas. Luego a las 14:30 horas los \u201cLeones Amarillos\u201d se trasladar\u00e1n hasta el estadio en un bus de la empresa Flex.<\/span><\/span><\/p>\n<p align=\"justify\"><span style=\"font-family: Arial, serif;\"><span style=\"font-size: medium;\">Los primeros en ver acci\u00f3n ser\u00e1n los Senior, quienes saltar\u00e1n a la cancha a las 15:30 horas en un partido de 35 minutos por lado, para luego cerrar la primera fecha con el partido de la serie Adulta a las 17:00 horas aproximadamente.<\/span><\/span><\/p>\n<p align=\"justify\"><span style=\"font-family: Arial, serif;\"><span style=\"font-size: medium;\">Para quienes vayan hasta el estadio para alentar a cada una de las selecciones, la entrada al recinto deportivo tendr\u00e1 un valor de $1000, seg\u00fan informaron los organizadores del evento.<\/span><\/span><\/p>\n<p align=\"justify\"><span style=\"font-family: Arial, serif;\"><span style=\"font-size: medium;\">FUENTE: Francisco Valdivia Castillo, programa Tercer Tiempo,\u00a0<\/span><\/span><span style=\"font-family: Arial, serif;\"><span style=\"font-size: medium;\">se\u00f1al 6.<\/span><\/span><\/p>\n","protected":false},"excerpt":{"rendered":"<p>Tras intensos meses de preparaci\u00f3n de los seleccionados andacollinos, lleg\u00f3 la hora de demostrar todo en la cancha ante San Juan este s\u00e1bado 27 de agosto a partir de las 15:30 horas en el estadio comunal, en el debut de ambas escuadras en las Eliminatorias Regionales. La jornada sabatina comenzar\u00e1 a las 12:00 horas con [&hellip;]<\/p>\n","protected":false},"author":3,"featured_media":0,"comment_status":"open","ping_status":"open","sticky":false,"template":"","format":"standard","meta":{"_acf_changed":false,"footnotes":""},"categories":[1],"tags":[566,587,588,567],"acf":[],"aioseo_notices":[],"_links":{"self":[{"href":"https:\/\/www.andacolloconectado.cl\/index.php\/wp-json\/wp\/v2\/posts\/2739"}],"collection":[{"href":"https:\/\/www.andacolloconectado.cl\/index.php\/wp-json\/wp\/v2\/posts"}],"about":[{"href":"https:\/\/www.andacolloconectado.cl\/index.php\/wp-json\/wp\/v2\/types\/post"}],"author":[{"embeddable":true,"href":"https:\/\/www.andacolloconectado.cl\/index.php\/wp-json\/wp\/v2\/users\/3"}],"replies":[{"embeddable":true,"href":"https:\/\/www.andacolloconectado.cl\/index.php\/wp-json\/wp\/v2\/comments?post=2739"}],"version-history":[{"count":1,"href":"https:\/\/www.andacolloconectado.cl\/index.php\/wp-json\/wp\/v2\/posts\/2739\/revisions"}],"predecessor-version":[{"id":2740,"href":"https:\/\/www.andacolloconectado.cl\/index.php\/wp-json\/wp\/v2\/posts\/2739\/revisions\/2740"}],"wp:attachment":[{"href":"https:\/\/www.andacolloconectado.cl\/index.php\/wp-json\/wp\/v2\/media?parent=2739"}],"wp:term":[{"taxonomy":"category","embeddable":true,"href":"https:\/\/www.andacolloconectado.cl\/index.php\/wp-json\/wp\/v2\/categories?post=2739"},{"taxonomy":"post_tag","embeddable":true,"href":"https:\/\/www.andacolloconectado.cl\/index.php\/wp-json\/wp\/v2\/tags?post=2739"}],"curies":[{"name":"wp","href":"https:\/\/api.w.org\/{rel}","templated":true}]}}