{"id":2965,"date":"2016-10-06T19:51:00","date_gmt":"2016-10-06T19:51:00","guid":{"rendered":"http:\/\/www.andacolloconectado.cl\/?p=2965"},"modified":"2016-10-06T19:51:00","modified_gmt":"2016-10-06T19:51:00","slug":"liceo-pedro-regalado-videla-realiza-2da-feria-vocacional-liceana","status":"publish","type":"post","link":"https:\/\/www.andacolloconectado.cl\/index.php\/liceo-pedro-regalado-videla-realiza-2da-feria-vocacional-liceana\/","title":{"rendered":"Liceo Pedro Regalado Videla realiza 2da. Feria Vocacional Liceana"},"content":{"rendered":"<p>El Liceo Pedro Regalado Videla realiz\u00f3 para sus alumnos del \u00faltimo a\u00f1o, la 2da. Feria Vocacional Liceana con el objetivo de apoyar a los y las j\u00f3venes en su proceso de elecci\u00f3n de carrera y fortalecer un efectivo mecanismo de acompa\u00f1amiento en la proyecci\u00f3n de futuro todos los alumnos del establecimiento.<\/p>\n<p>La jornada se realiz\u00f3 el pasado mi\u00e9rcoles 5 de octubre en dependencias del Liceo y en ella, los j\u00f3venes pudieron conocer las diferentes carreras, programas, beneficios, requisitos de las universidades y centros de educaci\u00f3n, m\u00e1s importante de la regi\u00f3n, quienes se hicieron presente con stands y relatores que informaron a los presentes.<\/p>\n<p>Participaron de esta 2da. Versi\u00f3n de la Feria Vocacional Liceana: la Universidad Cat\u00f3lica del Norte, Universidad Pedro de Valdivia, Universidad Bolivariana, Santo Tom\u00e1s, Centro de Educaci\u00f3n y Capacitaci\u00f3n de la Universidad Cat\u00f3lica del Norte, Valle Central, AIEP y la Universidad de La Serena.<\/p>\n<p>La Feria Vocacional es una, de las diferentes actividades que el Liceo ejecuta para garantizar que sus alumnos contin\u00faen los estudios superiores ya que junto a la Universidad de la Serena tambi\u00e9n est\u00e1n desarrollando el programa PACE (Programa de Acompa\u00f1amiento y Acceso Efectivo) que busca restituir el derecho a la educaci\u00f3n superior a estudiantes de sectores vulnerables, garantiz\u00e1ndoles un cupo en la educaci\u00f3n superior.<\/p>\n<p>Con este programa un 10% de los egresados del Liceo tiene garantizado un cupo en la Educaci\u00f3n Superior y para ello reciben una preparaci\u00f3n acad\u00e9mica para mejorar sus competencias en lenguaje y comunicaci\u00f3n, en matem\u00e1tica y otras asignaturas seg\u00fan su opci\u00f3n de formaci\u00f3n diferenciada, desarrollando sus conocimientos, habilidades y actitudes por parte de la Universidad.<\/p>\n<p>Mar\u00eda Lorena Araya Vel\u00edz, Directora del Liceo describe la jornada como: \u201cUna oportunidad esencial para nuestros estudiantes, respecto de las opciones de estudio que ofrecen las Universidades y centros de estudios de la Regi\u00f3n\u201d. Tambi\u00e9n destaca que con la feria: \u201cLos alumnos se evitan tener que deambular por las diferentes instituciones de la regi\u00f3n, evit\u00e1ndose costos y p\u00e9rdidas de tiempo.\u201d<\/p>\n<p>De esta forma el Liceo Pedro Regalado Videla y el Departamento de Educaci\u00f3n Municipal desarrollan programas y actividades con el objetivo de brindar a los alumnos orientaci\u00f3n vocacional, habilidades socioemocionales y puedan contar con mayores herramientas para definir sus perspectivas post-secundaria.<\/p>\n","protected":false},"excerpt":{"rendered":"<p>El Liceo Pedro Regalado Videla realiz\u00f3 para sus alumnos del \u00faltimo a\u00f1o, la 2da. Feria Vocacional Liceana con el objetivo de apoyar a los y las j\u00f3venes en su proceso de elecci\u00f3n de carrera y fortalecer un efectivo mecanismo de acompa\u00f1amiento en la proyecci\u00f3n de futuro todos los alumnos del establecimiento. La jornada se realiz\u00f3 [&hellip;]<\/p>\n","protected":false},"author":3,"featured_media":0,"comment_status":"open","ping_status":"open","sticky":false,"template":"","format":"standard","meta":{"_acf_changed":false,"footnotes":""},"categories":[1],"tags":[642,56],"acf":[],"aioseo_notices":[],"_links":{"self":[{"href":"https:\/\/www.andacolloconectado.cl\/index.php\/wp-json\/wp\/v2\/posts\/2965"}],"collection":[{"href":"https:\/\/www.andacolloconectado.cl\/index.php\/wp-json\/wp\/v2\/posts"}],"about":[{"href":"https:\/\/www.andacolloconectado.cl\/index.php\/wp-json\/wp\/v2\/types\/post"}],"author":[{"embeddable":true,"href":"https:\/\/www.andacolloconectado.cl\/index.php\/wp-json\/wp\/v2\/users\/3"}],"replies":[{"embeddable":true,"href":"https:\/\/www.andacolloconectado.cl\/index.php\/wp-json\/wp\/v2\/comments?post=2965"}],"version-history":[{"count":2,"href":"https:\/\/www.andacolloconectado.cl\/index.php\/wp-json\/wp\/v2\/posts\/2965\/revisions"}],"predecessor-version":[{"id":2968,"href":"https:\/\/www.andacolloconectado.cl\/index.php\/wp-json\/wp\/v2\/posts\/2965\/revisions\/2968"}],"wp:attachment":[{"href":"https:\/\/www.andacolloconectado.cl\/index.php\/wp-json\/wp\/v2\/media?parent=2965"}],"wp:term":[{"taxonomy":"category","embeddable":true,"href":"https:\/\/www.andacolloconectado.cl\/index.php\/wp-json\/wp\/v2\/categories?post=2965"},{"taxonomy":"post_tag","embeddable":true,"href":"https:\/\/www.andacolloconectado.cl\/index.php\/wp-json\/wp\/v2\/tags?post=2965"}],"curies":[{"name":"wp","href":"https:\/\/api.w.org\/{rel}","templated":true}]}}