{"id":3538,"date":"2017-03-08T20:30:15","date_gmt":"2017-03-08T20:30:15","guid":{"rendered":"http:\/\/www.andacolloconectado.cl\/?p=3538"},"modified":"2017-03-08T20:30:15","modified_gmt":"2017-03-08T20:30:15","slug":"una-emprendedora-al-rescate-de-las-raices-andacollinas","status":"publish","type":"post","link":"https:\/\/www.andacolloconectado.cl\/index.php\/una-emprendedora-al-rescate-de-las-raices-andacollinas\/","title":{"rendered":"Una  emprendedora al  rescate  de las ra\u00edces  andacollinas"},"content":{"rendered":"<p style=\"text-align: justify;\"><strong>\u00c9rika \u00c1lvarez es una artesana que con el apoyo de los Fondos Concursables Teck ha ido ampliando su negocio.<\/strong><\/p>\n<p style=\"text-align: justify;\">En la entrada norte de Andacollo, a los pies del emblem\u00e1tico cerro de la Cruz Verde, con una vista panor\u00e1mica del pueblo, encontramos a \u00c9rika \u00c1lvarez, andacollina, artesana y emprendedora que est\u00e1 expandiendo sus horizontes gracias a su talento y al apoyo del sector p\u00fablico y privado.<\/p>\n<p style=\"text-align: justify;\">\u00c9rika hace 17 a\u00f1os que se dedica a la artesan\u00eda con cactus (lormata), con el paso de los a\u00f1os surge en ella una idea visionaria, rescatar lo m\u00e1s aut\u00f3ctono de nuestro pueblo para dar una nueva alternativa a los turistas que llegan a la comuna.<\/p>\n<p style=\"text-align: justify;\">Ganadora del Fondo de Emprendimiento 2015, no dud\u00f3 en comenzar con la construcci\u00f3n de un espacio que incluir\u00e1 una sala de exposici\u00f3n de productos y una habitaci\u00f3n de spa para masoterapias descontracturantes y relajaci\u00f3n. Este centro de turismo, que pronto ser\u00e1 una realidad se llamar\u00e1 \u201cCapachitos\u201d, \u00c9rika nos comenta que ser\u00e1 inaugurado con una ceremonia ancestral porque ella participa en una agrupaci\u00f3n ind\u00edgena regional por sus or\u00edgenes diaguitas y por lo mismo es que est\u00e1n empleando t\u00e9cnicas y materiales de construcci\u00f3n usados hace siglos por los primeros habitantes de estas tierras: adobe, piedras y barro que sin duda le dan un toque r\u00fastico y acogedor a este nuevo centro tur\u00edstico.<\/p>\n<p style=\"text-align: justify;\">Esta artesana reconoce lo importante que ha sido su participaci\u00f3n por dos a\u00f1os en el C\u00edrculo de Emprendedores, porque afirma con seguridad \u201cDesde ah\u00ed yo creo que parti\u00f3 todo\u201d , pues le han ense\u00f1ado c\u00f3mo una idea puede transformarse en una realidad, desde su concepci\u00f3n hasta la puesta en marcha y difusi\u00f3n. Tambi\u00e9n valor\u00f3 la oportunidad que Minera Teck da con el aporte en dinero porque \u201cEs una ayuda muy grande al andacollino a los emprendedores es lo que le ha permitido volar, y a realizar un sue\u00f1o\u201d.<\/p>\n","protected":false},"excerpt":{"rendered":"<p>\u00c9rika \u00c1lvarez es una artesana que con el apoyo de los Fondos Concursables Teck ha ido ampliando su negocio. En la entrada norte de Andacollo, a los pies del emblem\u00e1tico cerro de la Cruz Verde, con una vista panor\u00e1mica del pueblo, encontramos a \u00c9rika \u00c1lvarez, andacollina, artesana y emprendedora que est\u00e1 expandiendo sus horizontes gracias [&hellip;]<\/p>\n","protected":false},"author":3,"featured_media":0,"comment_status":"open","ping_status":"open","sticky":false,"template":"","format":"standard","meta":{"_acf_changed":false,"footnotes":""},"categories":[1],"tags":[798,41,774,799],"acf":[],"aioseo_notices":[],"_links":{"self":[{"href":"https:\/\/www.andacolloconectado.cl\/index.php\/wp-json\/wp\/v2\/posts\/3538"}],"collection":[{"href":"https:\/\/www.andacolloconectado.cl\/index.php\/wp-json\/wp\/v2\/posts"}],"about":[{"href":"https:\/\/www.andacolloconectado.cl\/index.php\/wp-json\/wp\/v2\/types\/post"}],"author":[{"embeddable":true,"href":"https:\/\/www.andacolloconectado.cl\/index.php\/wp-json\/wp\/v2\/users\/3"}],"replies":[{"embeddable":true,"href":"https:\/\/www.andacolloconectado.cl\/index.php\/wp-json\/wp\/v2\/comments?post=3538"}],"version-history":[{"count":4,"href":"https:\/\/www.andacolloconectado.cl\/index.php\/wp-json\/wp\/v2\/posts\/3538\/revisions"}],"predecessor-version":[{"id":3543,"href":"https:\/\/www.andacolloconectado.cl\/index.php\/wp-json\/wp\/v2\/posts\/3538\/revisions\/3543"}],"wp:attachment":[{"href":"https:\/\/www.andacolloconectado.cl\/index.php\/wp-json\/wp\/v2\/media?parent=3538"}],"wp:term":[{"taxonomy":"category","embeddable":true,"href":"https:\/\/www.andacolloconectado.cl\/index.php\/wp-json\/wp\/v2\/categories?post=3538"},{"taxonomy":"post_tag","embeddable":true,"href":"https:\/\/www.andacolloconectado.cl\/index.php\/wp-json\/wp\/v2\/tags?post=3538"}],"curies":[{"name":"wp","href":"https:\/\/api.w.org\/{rel}","templated":true}]}}