{"id":3552,"date":"2017-03-09T15:36:56","date_gmt":"2017-03-09T15:36:56","guid":{"rendered":"http:\/\/www.andacolloconectado.cl\/?p=3552"},"modified":"2017-03-09T15:36:56","modified_gmt":"2017-03-09T15:36:56","slug":"teck-inicia-inscripciones-para-curso-de-formacion-en-emprendimiento-y-gestion-empresarial","status":"publish","type":"post","link":"https:\/\/www.andacolloconectado.cl\/index.php\/teck-inicia-inscripciones-para-curso-de-formacion-en-emprendimiento-y-gestion-empresarial\/","title":{"rendered":"Teck inicia inscripciones para curso de formaci\u00f3n en emprendimiento y gesti\u00f3n empresarial"},"content":{"rendered":"<p class=\"western\" align=\"justify\"><span style=\"font-family: Open Sans, sans-serif;\"><span style=\"font-size: small;\"><span style=\"color: #000000;\"><span lang=\"es-CL\"><b>Se trata de una iniciativa para apoyar la materializaci\u00f3n de emprendimientos y fortalecer los existentes en Andacollo. <\/b><\/span><\/span><\/span><\/span><\/p>\n<p class=\"western\" align=\"justify\"><span style=\"font-family: Open Sans, sans-serif;\"><span style=\"font-size: small;\"><span style=\"color: #000000;\"><span style=\"font-size: small;\"><span lang=\"es-CL\"><b>Andacollo, 08 de marzo de 2017.<\/b><\/span><\/span><\/span><span style=\"color: #000000;\"><span style=\"font-size: small;\"><span lang=\"es-CL\"> El 06 marzo comenzaron las inscripciones al curso <\/span><\/span><\/span><span style=\"color: #000000;\"><span style=\"font-size: small;\"><span lang=\"es-CL\"><i>\u201cGesti\u00f3n Empresarial y Emprendimiento Personal<\/i><\/span><\/span><\/span><span style=\"color: #000000;\"><span style=\"font-size: small;\"><span lang=\"es-CL\">\u201d, programa de capacitaci\u00f3n desarrollado conjuntamente por <\/span><\/span><\/span><span style=\"font-size: small;\"><span lang=\"es-CL\">el <\/span><\/span><span style=\"font-size: small;\"><span lang=\"es-CL\">Servicio Nacional de Capacitaci\u00f3n y Empleo<\/span><\/span> <span style=\"color: #000000;\"><span style=\"font-size: small;\"><span lang=\"es-CL\">(SENCE) y Teck CDA, destinado a vecinos de la comuna que deseen contar con herramientas para poner sus ideas de negocio en marcha o aquellos que buscan fortalecer la gesti\u00f3n de sus emprendimientos. <\/span><\/span><\/span><\/span><\/span><\/p>\n<p class=\"western\" align=\"justify\"><span style=\"font-family: Open Sans, sans-serif;\"><span style=\"font-size: small;\"><span style=\"color: #000000;\"><span style=\"font-size: small;\"><span lang=\"es-CL\">La iniciativa- totalmente gratuita- tiene un cupo m\u00e1ximo de 25 participantes y est\u00e1 dirigida a <\/span><\/span><\/span><span style=\"color: #000000;\"><span style=\"font-size: small;\"><span lang=\"es-CL\">emprendedores, microempresarios, empresarios individuales o colectivos de la comuna. Entre los temas que se abordar\u00e1n est\u00e1n los relacionados con <\/span><\/span><\/span><span style=\"color: #000000;\"><span style=\"font-size: small;\"><span lang=\"es-CL\">planificaci\u00f3n, marketing, gesti\u00f3n financiera y obligaciones fiscales, laborales y mercantiles, entre otros.<\/span><\/span><\/span><\/span><\/span><\/p>\n<p class=\"western\" align=\"justify\"><a name=\"_GoBack\"><\/a> <span style=\"font-family: Open Sans, sans-serif;\"><span style=\"font-size: small;\"><span style=\"color: #000000;\"><span style=\"font-size: small;\"><span lang=\"es-CL\">Leonardo Mu\u00f1oz, Coordinador de Desarrollo Econ\u00f3mico de Teck CDA, indic\u00f3 que \u201c<\/span><\/span><\/span><span style=\"color: #000000;\"><span style=\"font-size: small;\"><span lang=\"es-CL\">este programa se ejecuta junto a SENCE y creemos ser\u00e1 un aporte para quienes tengan en mente una idea de negocio o aquellos que simplemente quieran ponerse al d\u00eda con los conceptos de gesti\u00f3n empresarial. Estimamos que tendr\u00e1 una duraci\u00f3n de dos meses, realizando clases dos veces por semana\u201d, puntualiz\u00f3 Mu\u00f1oz.<\/span><\/span><\/span><\/span><\/span><\/p>\n<p class=\"western\" align=\"justify\"><span style=\"font-family: Open Sans, sans-serif;\"><span style=\"font-size: small;\"><span style=\"color: #000000;\"><span style=\"font-size: small;\"><span lang=\"es-CL\">Las inscripciones estar\u00e1n abiertas hasta el martes 14 marzo y se efectuaran en calle Urmeneta # 891 (Oficinas de Teck). Para completar el proceso, los interesados deber\u00e1n presentar la copia de la c\u00e9dula de identidad y la Ficha de Protecci\u00f3n Social que emite la Municipalidad de Andacollo.<\/span><\/span><\/span><\/span><\/span><\/p>\n<p class=\"western\" align=\"justify\"><span style=\"font-family: Open Sans, sans-serif;\"><span style=\"font-size: small;\"><span style=\"font-size: small;\"><span lang=\"es-MX\"><i><b>Sobre Teck <\/b><\/i><\/span><\/span><\/span><\/span><\/p>\n<p class=\"western\" align=\"justify\"><span style=\"font-family: Open Sans, sans-serif;\"><span style=\"font-size: small;\"><span style=\"font-size: small;\"><span lang=\"es-CL\">Teck es una empresa canadiense <\/span><\/span><span style=\"font-size: small;\"><span lang=\"es-CL\">de recursos diversificados comprometida con el desarrollo responsable de la miner\u00eda y de los minerales, que tiene sus principales unidades de negocio enfocadas en el cobre, el carb\u00f3n sider\u00fargico, el zinc y la energ\u00eda<\/span><\/span><\/span><\/span><\/p>\n<p class=\"western\" align=\"justify\"><span style=\"font-family: Open Sans, sans-serif;\"><span style=\"font-size: small;\"><span style=\"font-size: small;\"><span lang=\"es-MX\">Teck est\u00e1 presente en Chile a trav\u00e9s de la operaci\u00f3n de las minas de cobre Quebrada Blanca, en la Regi\u00f3n de Tarapac\u00e1, y Carmen de Andacollo, en la Regi\u00f3n de Coquimbo. En conjunto, tienen la capacidad de producir entre 110 y 125 mil toneladas de cobre por a\u00f1o y dan empleo a cerca de 1.500 trabajadores. En las dos operaciones Teck es socio de la Empresa Nacional de Miner\u00eda (ENAMI), que posee el 10% en cada una.<\/span><\/span><\/span><\/span><\/p>\n<p class=\"western\" align=\"left\">\n","protected":false},"excerpt":{"rendered":"<p>Se trata de una iniciativa para apoyar la materializaci\u00f3n de emprendimientos y fortalecer los existentes en Andacollo. Andacollo, 08 de marzo de 2017. El 06 marzo comenzaron las inscripciones al curso \u201cGesti\u00f3n Empresarial y Emprendimiento Personal\u201d, programa de capacitaci\u00f3n desarrollado conjuntamente por el Servicio Nacional de Capacitaci\u00f3n y Empleo (SENCE) y Teck CDA, destinado a [&hellip;]<\/p>\n","protected":false},"author":3,"featured_media":0,"comment_status":"open","ping_status":"open","sticky":false,"template":"","format":"standard","meta":{"_acf_changed":false,"footnotes":""},"categories":[1],"tags":[805,806,807],"acf":[],"aioseo_notices":[],"_links":{"self":[{"href":"https:\/\/www.andacolloconectado.cl\/index.php\/wp-json\/wp\/v2\/posts\/3552"}],"collection":[{"href":"https:\/\/www.andacolloconectado.cl\/index.php\/wp-json\/wp\/v2\/posts"}],"about":[{"href":"https:\/\/www.andacolloconectado.cl\/index.php\/wp-json\/wp\/v2\/types\/post"}],"author":[{"embeddable":true,"href":"https:\/\/www.andacolloconectado.cl\/index.php\/wp-json\/wp\/v2\/users\/3"}],"replies":[{"embeddable":true,"href":"https:\/\/www.andacolloconectado.cl\/index.php\/wp-json\/wp\/v2\/comments?post=3552"}],"version-history":[{"count":4,"href":"https:\/\/www.andacolloconectado.cl\/index.php\/wp-json\/wp\/v2\/posts\/3552\/revisions"}],"predecessor-version":[{"id":3557,"href":"https:\/\/www.andacolloconectado.cl\/index.php\/wp-json\/wp\/v2\/posts\/3552\/revisions\/3557"}],"wp:attachment":[{"href":"https:\/\/www.andacolloconectado.cl\/index.php\/wp-json\/wp\/v2\/media?parent=3552"}],"wp:term":[{"taxonomy":"category","embeddable":true,"href":"https:\/\/www.andacolloconectado.cl\/index.php\/wp-json\/wp\/v2\/categories?post=3552"},{"taxonomy":"post_tag","embeddable":true,"href":"https:\/\/www.andacolloconectado.cl\/index.php\/wp-json\/wp\/v2\/tags?post=3552"}],"curies":[{"name":"wp","href":"https:\/\/api.w.org\/{rel}","templated":true}]}}