{"id":3582,"date":"2017-03-13T12:59:17","date_gmt":"2017-03-13T12:59:17","guid":{"rendered":"http:\/\/www.andacolloconectado.cl\/?p=3582"},"modified":"2017-03-13T12:59:17","modified_gmt":"2017-03-13T12:59:17","slug":"masiva-celebracion-del-dia-de-la-mujer-en-andacollo","status":"publish","type":"post","link":"https:\/\/www.andacolloconectado.cl\/index.php\/masiva-celebracion-del-dia-de-la-mujer-en-andacollo\/","title":{"rendered":"Masiva  celebraci\u00f3n del D\u00eda de la Mujer en Andacollo"},"content":{"rendered":"<p><strong><span style=\"font-size: medium;\">Se destac\u00f3 a tres dirigentes sociales.<\/span><\/strong><\/p>\n<p align=\"justify\"><span style=\"font-size: medium;\">Alrededor de mil mujeres andacollinas participaron el viernes pasado en el acto conmemorativo del D\u00eda Internacional de la Mujer, organizado por la Ilustre Municipalidad. La actividad fue encabezada por el Alcalde, Juan Carlos Alfaro, los Concejales, el Presidente del Core, Eduardo Alcayaga, y la Directora del SERNAMEG (Servicio Nacional de la Mujer y Equidad de G\u00e9nero), Marcela Carre\u00f1o.<\/span><\/p>\n<p align=\"justify\"><span style=\"font-size: medium;\">El alcalde Juan Carlos Alfaro, salud\u00f3 a todas las mujeres de Andacollo por el rol que cumplen aportando al desarrollo de la comuna y del pa\u00eds a trav\u00e9s de sus diferentes facetas como madres, abuelas, esposas, hijas y trabajadoras.<\/span><\/p>\n<p align=\"justify\"><span style=\"font-size: medium;\">En <\/span><span style=\"font-size: medium;\">esta<\/span><span style=\"font-size: medium;\"> ocasi\u00f3n se hizo un reconocimiento a tres destacadas mujeres de nuestro pueblo Isabel P\u00e9rez, dirigente comunal de los adultos mayores y conductora del programa de televisi\u00f3n Canitas al Aire ; Patricia Vargas, presidenta de la Junta de Vecinos de la Poblaci\u00f3n 25 de octubre de gran esp\u00edritu social y luchadora incansable; y Doris Salfate, bombera de la tercera compa\u00f1\u00eda del sector El Manzano. Todas ellas fueron <\/span><span style=\"font-size: medium;\">reconocidas<\/span><span style=\"font-size: medium;\"> por su participaci\u00f3n como l\u00edderes sociales entre sus pares y por el aporte que esto significa para <\/span><span style=\"font-size: medium;\">la comuna<\/span><span style=\"font-size: medium;\">, ya que dedican <\/span><span style=\"font-size: medium;\">gran <\/span><span style=\"font-size: medium;\">parte de su tiempo a ayudar a los dem\u00e1s a trav\u00e9s de su <\/span><span style=\"font-size: medium;\">gesti\u00f3n<\/span><span style=\"font-size: medium;\"> comunitaria. Tambi\u00e9n se destac\u00f3 <\/span><span style=\"font-size: medium;\">el trabajo<\/span><span style=\"font-size: medium;\"> de la Sra. Mar\u00eda Contreras, quien como primera dama de la <\/span><span style=\"font-size: medium;\">localidad<\/span><span style=\"font-size: medium;\"> trabaja de manera muy cercana con los Centros de Madres, Club de Adulto Mayor y en la Comisi\u00f3n Telet\u00f3n de Andacollo.<\/span><\/p>\n<p align=\"justify\"><span style=\"font-size: medium;\">Por otra parte, todas las que llegaron hasta el <\/span><span style=\"font-size: medium;\">g<\/span><span style=\"font-size: medium;\">imnasio recibieron un <\/span><span style=\"font-size: medium;\">obsequio<\/span><span style=\"font-size: medium;\"> y alfajores artesanales, entregados por funcionarios municipales, adem\u00e1s durante el transcurso de la actividad se sortearon 20 regalos. El show art\u00edstico parti\u00f3 con el cantante local Mauro Malebr\u00e1n, quien interpret\u00f3 temas de Camilo Sesto y Marc Anthony, luego fue el turno de Danko Leonne, doble de Sandro <\/span><span style=\"font-size: medium;\">quien cautiv\u00f3 <\/span><span style=\"font-size: medium;\">a las nost\u00e1lgicas <\/span><span style=\"font-size: medium;\">y <\/span><span style=\"font-size: medium;\"> para finalizar el espect\u00e1culo se present\u00f3 el Grupo Alegr\u00eda, que con su ritmo tropical desat\u00f3 la fiesta.<\/span><\/p>\n","protected":false},"excerpt":{"rendered":"<p>Se destac\u00f3 a tres dirigentes sociales. Alrededor de mil mujeres andacollinas participaron el viernes pasado en el acto conmemorativo del D\u00eda Internacional de la Mujer, organizado por la Ilustre Municipalidad. La actividad fue encabezada por el Alcalde, Juan Carlos Alfaro, los Concejales, el Presidente del Core, Eduardo Alcayaga, y la Directora del SERNAMEG (Servicio Nacional [&hellip;]<\/p>\n","protected":false},"author":3,"featured_media":0,"comment_status":"open","ping_status":"open","sticky":false,"template":"","format":"standard","meta":{"_acf_changed":false,"footnotes":""},"categories":[1],"tags":[311,818,819,820],"acf":[],"aioseo_notices":[],"_links":{"self":[{"href":"https:\/\/www.andacolloconectado.cl\/index.php\/wp-json\/wp\/v2\/posts\/3582"}],"collection":[{"href":"https:\/\/www.andacolloconectado.cl\/index.php\/wp-json\/wp\/v2\/posts"}],"about":[{"href":"https:\/\/www.andacolloconectado.cl\/index.php\/wp-json\/wp\/v2\/types\/post"}],"author":[{"embeddable":true,"href":"https:\/\/www.andacolloconectado.cl\/index.php\/wp-json\/wp\/v2\/users\/3"}],"replies":[{"embeddable":true,"href":"https:\/\/www.andacolloconectado.cl\/index.php\/wp-json\/wp\/v2\/comments?post=3582"}],"version-history":[{"count":1,"href":"https:\/\/www.andacolloconectado.cl\/index.php\/wp-json\/wp\/v2\/posts\/3582\/revisions"}],"predecessor-version":[{"id":3584,"href":"https:\/\/www.andacolloconectado.cl\/index.php\/wp-json\/wp\/v2\/posts\/3582\/revisions\/3584"}],"wp:attachment":[{"href":"https:\/\/www.andacolloconectado.cl\/index.php\/wp-json\/wp\/v2\/media?parent=3582"}],"wp:term":[{"taxonomy":"category","embeddable":true,"href":"https:\/\/www.andacolloconectado.cl\/index.php\/wp-json\/wp\/v2\/categories?post=3582"},{"taxonomy":"post_tag","embeddable":true,"href":"https:\/\/www.andacolloconectado.cl\/index.php\/wp-json\/wp\/v2\/tags?post=3582"}],"curies":[{"name":"wp","href":"https:\/\/api.w.org\/{rel}","templated":true}]}}