{"id":3677,"date":"2017-03-28T14:05:46","date_gmt":"2017-03-28T14:05:46","guid":{"rendered":"http:\/\/www.andacolloconectado.cl\/?p=3677"},"modified":"2017-03-28T14:05:46","modified_gmt":"2017-03-28T14:05:46","slug":"jardin-infantil-mundo-de-amor-recibio-dos-carros-de-evacuacion-para-ninos","status":"publish","type":"post","link":"https:\/\/www.andacolloconectado.cl\/index.php\/jardin-infantil-mundo-de-amor-recibio-dos-carros-de-evacuacion-para-ninos\/","title":{"rendered":"Jard\u00edn Infantil \u201cMundo de Amor\u201d recibi\u00f3 dos carros de evacuaci\u00f3n para ni\u00f1os"},"content":{"rendered":"<p>Con gran alegr\u00eda de p\u00e1rvulos, apoderados y t\u00edas del Jard\u00edn Familiar \u201cMundo de Amor\u201d, perteneciente a la Junta Nacional de Jardines Infantiles (JUNJI), recibieron dos carros con capacidad de 12 a 15 ni\u00f1os para transportarlos de manera m\u00e1s ordenada y r\u00e1pida en caso de emergencia.<\/p>\n<p>Este establecimiento ubicado en el Barrio Norte de nuestra comuna recibe a ni\u00f1os entre dos a cinco a\u00f1os, actualmente su matr\u00edcula es de 32 alumnos que acuden de 8.30 a 14 hrs, siendo atendidos por seis personas encabezados por la educadora Violeta Barrera.<\/p>\n<p>Estos dos carros de evacuaci\u00f3n permitir\u00e1n trasladarlos \u00a0en caso de una emergencia a un sector donde no haya peligro. Esta adquisici\u00f3n fue realizada a trav\u00e9s de la Direcci\u00f3n Regional que present\u00f3 el proyecto de compra a la Direcci\u00f3n Nacional de la JUNJI .<\/p>\n<p>La t\u00eda Violeta, encargada del Jard\u00edn, nos comenta que est\u00e1n muy felices de haber recibido esta implementaci\u00f3n y para que los ni\u00f1os se acostumbren ya han utilizado los carros para trasladarse a realizar visitas recreativas a otros sectores de la comuna.<\/p>\n<p>Finalmente hay que destacar que la educaci\u00f3n que se imparte a los p\u00e1rvulos es de\u00a0pr\u00e1cticas pedag\u00f3gicas inclusivas e integrales, con una participaci\u00f3n activa de los apoderados para que los ni\u00f1os aprendan de manera significativa desde el comienzo y para el resto de su vida.<\/p>\n","protected":false},"excerpt":{"rendered":"<p>Con gran alegr\u00eda de p\u00e1rvulos, apoderados y t\u00edas del Jard\u00edn Familiar \u201cMundo de Amor\u201d, perteneciente a la Junta Nacional de Jardines Infantiles (JUNJI), recibieron dos carros con capacidad de 12 a 15 ni\u00f1os para transportarlos de manera m\u00e1s ordenada y r\u00e1pida en caso de emergencia. Este establecimiento ubicado en el Barrio Norte de nuestra comuna [&hellip;]<\/p>\n","protected":false},"author":3,"featured_media":0,"comment_status":"open","ping_status":"open","sticky":false,"template":"","format":"standard","meta":{"_acf_changed":false,"footnotes":""},"categories":[1],"tags":[855,854,856],"acf":[],"aioseo_notices":[],"_links":{"self":[{"href":"https:\/\/www.andacolloconectado.cl\/index.php\/wp-json\/wp\/v2\/posts\/3677"}],"collection":[{"href":"https:\/\/www.andacolloconectado.cl\/index.php\/wp-json\/wp\/v2\/posts"}],"about":[{"href":"https:\/\/www.andacolloconectado.cl\/index.php\/wp-json\/wp\/v2\/types\/post"}],"author":[{"embeddable":true,"href":"https:\/\/www.andacolloconectado.cl\/index.php\/wp-json\/wp\/v2\/users\/3"}],"replies":[{"embeddable":true,"href":"https:\/\/www.andacolloconectado.cl\/index.php\/wp-json\/wp\/v2\/comments?post=3677"}],"version-history":[{"count":3,"href":"https:\/\/www.andacolloconectado.cl\/index.php\/wp-json\/wp\/v2\/posts\/3677\/revisions"}],"predecessor-version":[{"id":3681,"href":"https:\/\/www.andacolloconectado.cl\/index.php\/wp-json\/wp\/v2\/posts\/3677\/revisions\/3681"}],"wp:attachment":[{"href":"https:\/\/www.andacolloconectado.cl\/index.php\/wp-json\/wp\/v2\/media?parent=3677"}],"wp:term":[{"taxonomy":"category","embeddable":true,"href":"https:\/\/www.andacolloconectado.cl\/index.php\/wp-json\/wp\/v2\/categories?post=3677"},{"taxonomy":"post_tag","embeddable":true,"href":"https:\/\/www.andacolloconectado.cl\/index.php\/wp-json\/wp\/v2\/tags?post=3677"}],"curies":[{"name":"wp","href":"https:\/\/api.w.org\/{rel}","templated":true}]}}