{"id":3914,"date":"2017-04-26T14:39:45","date_gmt":"2017-04-26T14:39:45","guid":{"rendered":"http:\/\/www.andacolloconectado.cl\/?p=3914"},"modified":"2017-04-26T14:39:45","modified_gmt":"2017-04-26T14:39:45","slug":"biblioteca-cirujano-videla-se-adhiere-al-plan-nacional-de-alfabetizacion","status":"publish","type":"post","link":"https:\/\/www.andacolloconectado.cl\/index.php\/biblioteca-cirujano-videla-se-adhiere-al-plan-nacional-de-alfabetizacion\/","title":{"rendered":"Biblioteca \u201cCirujano Videla\u201d se adhiere al Plan Nacional de Alfabetizaci\u00f3n"},"content":{"rendered":"<p>La Biblioteca N\u00b0 35 Cirujano Videla de nuestra comuna ofrece variados servicios a sus usuarios entre ellos destaca la realizaci\u00f3n del Plan Nacional de Alfabetizaci\u00f3n \u201cContigo Aprendo\u201d para mayores de 15 a\u00f1os, implementado por el Ministerio de Educaci\u00f3n (Mineduc).<\/p>\n<p>Este programa tiene por objetivo que todas las personas que viven en Chile posean las herramientas de la lectura y la escritura, desarrollen su pensamiento matem\u00e1tico y certifiquen 4\u00b0 a\u00f1o b\u00e1sico.<\/p>\n<p>A trav\u00e9s de este curso pueden regularizar los estudios las personas que no terminaron el primer ciclo b\u00e1sico o tambi\u00e9n aquellas que nunca asistieron a la escuela, que seg\u00fan estad\u00edsticas del Mineduc son casi un mill\u00f3n y de ellas m\u00e1s de 400.000 no saben leer o escribir.<\/p>\n<p>Cecilia Aguirre, encargada de la Biblioteca nos comenta que tiene cupo para diez personas porque es un m\u00e9todo de ense\u00f1anza personalizada donde se avanza de acuerdo al ritmo de aprendizaje de cada estudiante.<br \/>\nLas inscripciones son hasta el 15 de mayo, el curso en s\u00ed dura entre cinco a seis meses despu\u00e9s se eval\u00faa y el Ministerio de Educaci\u00f3n entrega el certificado correspondiente.<\/p>\n<p>Un aspecto muy importante es que este Programa contempla la entrega de los materiales para los alumnos ya que reciben l\u00e1pices, cuadernos , gomas y libros, por lo tanto no incurren en ning\u00fan gasto adicional, lo \u00fanico que se necesita son las ganas de aprender.<\/p>\n","protected":false},"excerpt":{"rendered":"<p>La Biblioteca N\u00b0 35 Cirujano Videla de nuestra comuna ofrece variados servicios a sus usuarios entre ellos destaca la realizaci\u00f3n del Plan Nacional de Alfabetizaci\u00f3n \u201cContigo Aprendo\u201d para mayores de 15 a\u00f1os, implementado por el Ministerio de Educaci\u00f3n (Mineduc). Este programa tiene por objetivo que todas las personas que viven en Chile posean las herramientas [&hellip;]<\/p>\n","protected":false},"author":5,"featured_media":0,"comment_status":"open","ping_status":"open","sticky":false,"template":"","format":"standard","meta":{"_acf_changed":false,"footnotes":""},"categories":[1],"tags":[934,935,936],"acf":[],"aioseo_notices":[],"_links":{"self":[{"href":"https:\/\/www.andacolloconectado.cl\/index.php\/wp-json\/wp\/v2\/posts\/3914"}],"collection":[{"href":"https:\/\/www.andacolloconectado.cl\/index.php\/wp-json\/wp\/v2\/posts"}],"about":[{"href":"https:\/\/www.andacolloconectado.cl\/index.php\/wp-json\/wp\/v2\/types\/post"}],"author":[{"embeddable":true,"href":"https:\/\/www.andacolloconectado.cl\/index.php\/wp-json\/wp\/v2\/users\/5"}],"replies":[{"embeddable":true,"href":"https:\/\/www.andacolloconectado.cl\/index.php\/wp-json\/wp\/v2\/comments?post=3914"}],"version-history":[{"count":1,"href":"https:\/\/www.andacolloconectado.cl\/index.php\/wp-json\/wp\/v2\/posts\/3914\/revisions"}],"predecessor-version":[{"id":3916,"href":"https:\/\/www.andacolloconectado.cl\/index.php\/wp-json\/wp\/v2\/posts\/3914\/revisions\/3916"}],"wp:attachment":[{"href":"https:\/\/www.andacolloconectado.cl\/index.php\/wp-json\/wp\/v2\/media?parent=3914"}],"wp:term":[{"taxonomy":"category","embeddable":true,"href":"https:\/\/www.andacolloconectado.cl\/index.php\/wp-json\/wp\/v2\/categories?post=3914"},{"taxonomy":"post_tag","embeddable":true,"href":"https:\/\/www.andacolloconectado.cl\/index.php\/wp-json\/wp\/v2\/tags?post=3914"}],"curies":[{"name":"wp","href":"https:\/\/api.w.org\/{rel}","templated":true}]}}