{"id":3937,"date":"2017-04-28T19:44:33","date_gmt":"2017-04-28T19:44:33","guid":{"rendered":"http:\/\/www.andacolloconectado.cl\/?p=3937"},"modified":"2017-04-28T19:44:33","modified_gmt":"2017-04-28T19:44:33","slug":"entregan-informe-de-gestion-del-hospital-de-andacollo-2016-y-anuncian-la-llegada-de-tres-nuevos-profesionales","status":"publish","type":"post","link":"https:\/\/www.andacolloconectado.cl\/index.php\/entregan-informe-de-gestion-del-hospital-de-andacollo-2016-y-anuncian-la-llegada-de-tres-nuevos-profesionales\/","title":{"rendered":"Entregan informe de Gesti\u00f3n del Hospital de Andacollo 2016 y anuncian la llegada de tres nuevos profesionales"},"content":{"rendered":"<p>El doctor Alfonso Galleguillos, director del Hospital Jos\u00e9 Luis Arra\u00f1o, rindi\u00f3 ayer jueves su cuenta p\u00fablica de gesti\u00f3n correspondiente al 2016, la actividad fue encabezada por Ernesto Jorquera, director del Servicio de Salud Coquimbo; Juan Carlos Alfaro, alcalde de Andacollo, representantes de diversas organizaciones comunitarias locales y de la Compa\u00f1\u00eda Teck Carmen.<\/p>\n<p>Alfonso Galleguillos se\u00f1al\u00f3 que la gesti\u00f3n de este per\u00edodo ha sido realmente exitosa, pues se ha ido transformando este recinto en un hospital comunitario gracias a los nexos que se ha establecido con los andacollinos a trav\u00e9s del Consejo Consultivo, del Municipio, de la Comunidad Andacollina Organizada (CAO) y de la empresa privada donde se ha trabajado mancomunadamente por la salud de los habitantes de la ciudad.<\/p>\n<p>En cuanto a los logros, el doctor Galleguillos destac\u00f3 que durante el a\u00f1o 2016 se complet\u00f3 el cupo de matronas lo que permite realizar una mayor cantidad de atenciones a las mujeres de la comuna para detectar de manera precoz algunas patolog\u00edas precancer\u00edgenas y as\u00ed derivarlas en forma oportuna a los especialistas para que traten a las pacientes y eviten un desenlace fatal.<\/p>\n<p>Tambi\u00e9n destaca el buen resultado del Programa cardiovascular, que permite la prevenci\u00f3n de distintas patolog\u00edas asociadas a las enfermedades cr\u00f3nicas, y del Programa \u201cChile crece contigo\u201d que entrega herramientas para el cuidado de los ni\u00f1os en situaci\u00f3n de vulnerabilidad. Ambas instancias son trabajadas de manera muy cercana a la comunidad.<\/p>\n<p>Como avances para este 2017 se contempla la incorporaci\u00f3n de tres profesionales para cubrir distintas necesidades hospitalarias. Llegar\u00e1 un nuevo m\u00e9dico lo que permitir\u00e1 aumentar la cantidad de atenci\u00f3n para los pacientes, se contratar\u00e1 un qu\u00edmico farmac\u00e9utico que dar\u00e1 el sello de farmacia al actual botiqu\u00edn del hospital, y un tecn\u00f3logo m\u00e9dico que trabajar\u00e1 en el laboratorio aumentando as\u00ed la cantidad de ex\u00e1menes que se toman a los usuarios.<\/p>\n<p>El alcalde Juan Carlos Alfaro se\u00f1al\u00f3 que a su parecer lo m\u00e1s destacable de la gesti\u00f3n del doctor Galleguillos y sus funcionarios, es que en los \u00faltimos a\u00f1os se han acercado a la comunidad y adem\u00e1s el trabajo coordinado con el municipio para obtener los recursos necesarios a trav\u00e9s de distintas instituciones gubernamentales como el Servicio de Salud.<\/p>\n<p>Por su parte, Ernesto Jorquera indica que el equipo profesional y t\u00e9cnico del recinto andacollino ha hecho un gran trabajo alineado a la perspectiva de mantener saludable a la comunidad y actuar de manera preventiva frente a diversas enfermedades, este \u00faltimo aspecto es muy relevante pues \u201cplanteamos que la salud es mucho m\u00e1s amplia que solo actuar a prop\u00f3sito de la enfermedad y para mantener sana a una poblaci\u00f3n, a las personas, a las familias, a las comunidades es muy importante educarlas\u201d.<\/p>\n<p>Finalmente, \u00c1ngela Guerra, presidenta de la CAO, se\u00f1ala que a trav\u00e9s de la Mesa de Salud en la que participan como organizaci\u00f3n social, han sido muy importantes estos logros porque van en beneficio de tener una salud digna y para brindar comodidad a los andacollinos que requieren de atenci\u00f3n m\u00e9dica.<\/p>\n","protected":false},"excerpt":{"rendered":"<p>El doctor Alfonso Galleguillos, director del Hospital Jos\u00e9 Luis Arra\u00f1o, rindi\u00f3 ayer jueves su cuenta p\u00fablica de gesti\u00f3n correspondiente al 2016, la actividad fue encabezada por Ernesto Jorquera, director del Servicio de Salud Coquimbo; Juan Carlos Alfaro, alcalde de Andacollo, representantes de diversas organizaciones comunitarias locales y de la Compa\u00f1\u00eda Teck Carmen. Alfonso Galleguillos se\u00f1al\u00f3 [&hellip;]<\/p>\n","protected":false},"author":5,"featured_media":0,"comment_status":"open","ping_status":"open","sticky":false,"template":"","format":"standard","meta":{"_acf_changed":false,"footnotes":""},"categories":[1],"tags":[944,145],"acf":[],"aioseo_notices":[],"_links":{"self":[{"href":"https:\/\/www.andacolloconectado.cl\/index.php\/wp-json\/wp\/v2\/posts\/3937"}],"collection":[{"href":"https:\/\/www.andacolloconectado.cl\/index.php\/wp-json\/wp\/v2\/posts"}],"about":[{"href":"https:\/\/www.andacolloconectado.cl\/index.php\/wp-json\/wp\/v2\/types\/post"}],"author":[{"embeddable":true,"href":"https:\/\/www.andacolloconectado.cl\/index.php\/wp-json\/wp\/v2\/users\/5"}],"replies":[{"embeddable":true,"href":"https:\/\/www.andacolloconectado.cl\/index.php\/wp-json\/wp\/v2\/comments?post=3937"}],"version-history":[{"count":1,"href":"https:\/\/www.andacolloconectado.cl\/index.php\/wp-json\/wp\/v2\/posts\/3937\/revisions"}],"predecessor-version":[{"id":3939,"href":"https:\/\/www.andacolloconectado.cl\/index.php\/wp-json\/wp\/v2\/posts\/3937\/revisions\/3939"}],"wp:attachment":[{"href":"https:\/\/www.andacolloconectado.cl\/index.php\/wp-json\/wp\/v2\/media?parent=3937"}],"wp:term":[{"taxonomy":"category","embeddable":true,"href":"https:\/\/www.andacolloconectado.cl\/index.php\/wp-json\/wp\/v2\/categories?post=3937"},{"taxonomy":"post_tag","embeddable":true,"href":"https:\/\/www.andacolloconectado.cl\/index.php\/wp-json\/wp\/v2\/tags?post=3937"}],"curies":[{"name":"wp","href":"https:\/\/api.w.org\/{rel}","templated":true}]}}