{"id":3976,"date":"2017-05-04T20:04:07","date_gmt":"2017-05-04T20:04:07","guid":{"rendered":"http:\/\/www.andacolloconectado.cl\/?p=3976"},"modified":"2017-05-04T20:04:07","modified_gmt":"2017-05-04T20:04:07","slug":"una-artista-que-vibra-con-la-musica-latinoamericana","status":"publish","type":"post","link":"https:\/\/www.andacolloconectado.cl\/index.php\/una-artista-que-vibra-con-la-musica-latinoamericana\/","title":{"rendered":"Una artista que vibra con la m\u00fasica latinoamericana"},"content":{"rendered":"<p>Ximena Urrutia Orellana, es una folkclorista, compositora y cantante de m\u00fasica latinoamericana que se radic\u00f3 de manera definitiva en Andacollo el 2010, pues su madre Hilda viv\u00eda ac\u00e1 desde la d\u00e9cada de los ochenta.<\/p>\n<p>Su juventud la vivi\u00f3 en Santiago, mientras cursaba el ultimo a\u00f1o de ense\u00f1anza media, se enamor\u00f3 de la m\u00fasica a trav\u00e9s de la guitarra, fue ah\u00ed que cambi\u00f3 sus planes para estudiar pedagog\u00eda en m\u00fasica en lugar de geograf\u00eda.<\/p>\n<p>Entr\u00f3 a la Universidad Metroplitana de las Ciencias de la Educaci\u00f3n, donde curs\u00f3 un a\u00f1o de esa carrera debiendo retirarse por problemas econ\u00f3micos ya que no hab\u00eda tantas becas y beneficios como ahora. En ese momento decidi\u00f3 partir a Tucum\u00e1n en Argentina, para estudiar el arte de construir y reparar instrumentos de cuerdas, volviendo as\u00ed a Chile con su t\u00edtulo de Luther\u00eda.<\/p>\n<p>Ximena cultiva la m\u00fasica latinoamericana porque su origen es la m\u00fasica folkcl\u00f3rica, mientras vivi\u00f3 en Santiago particip\u00f3 en varios conjuntos dedicados a este estilo entre los que destacan Monmapu, Antumapu, Lahual y un conjunto musical del Ministerio de Relaciones Exteriores, con los cuales recorri\u00f3 gran parte del pa\u00eds y en lo art\u00edstico le sirvi\u00f3 para conocer e impregnarse de la idiosincrasia de cada zona del pa\u00eds aprendiendo m\u00e1s de su folkclore.<\/p>\n<p>En los a\u00f1os que ha vivido ac\u00e1 y coincidiendo con su maternidad se alej\u00f3 un poco de las presentaciones, y se volc\u00f3 a cuidar a sus tres hijos. Pero ahora que han crecido se propuso retomar la carrera de pedagog\u00eda en m\u00fasica para titularse y ejercer como profesora, actualmente apoya en el taller de guitarra de la Escuela de Talentos Andacollinos (ETA) que se imparte en la Casa del Encuentro Ciudadano de nuestra comuna.<\/p>\n<p>Tambi\u00e9n est\u00e1 cargo del curso de M\u00fasica Folkcl\u00f3rica latinoamericana que por primera vez se realiza en la localidad de \u201cEl Manzano\u201d bajo el alero de la ETA, experiencia de la cual se manifiesta encantada \u201cporque los ni\u00f1os son muy amorosos y la gente es muy amable, la experiencia de educaci\u00f3n rural es muy enriquecedora a nivel personal\u201d.<\/p>\n<p>Por otra parte, est\u00e1 ensayando para ser la solista en una obra musical inspirada en los textos de Gabriela Mistral, una cantata basada en el poema \u201cMeciendo\u201d, la cual ser\u00e1 presentada en el Teatro Municipal de La Serena, en el teatro de la Universidad de La Serena y tambi\u00e9n en nuestra comuna.<\/p>\n<p>Finalmente, nos cuenta que su sue\u00f1o a corto plazo es grabar un disco porque tiene varias canciones que ha compuesto a trav\u00e9s del tiempo, adem\u00e1s de volver a realizar presentaciones en otras ciudades interpretando temas latinoamericanos y los creados por ella.<\/p>\n","protected":false},"excerpt":{"rendered":"<p>Ximena Urrutia Orellana, es una folkclorista, compositora y cantante de m\u00fasica latinoamericana que se radic\u00f3 de manera definitiva en Andacollo el 2010, pues su madre Hilda viv\u00eda ac\u00e1 desde la d\u00e9cada de los ochenta. Su juventud la vivi\u00f3 en Santiago, mientras cursaba el ultimo a\u00f1o de ense\u00f1anza media, se enamor\u00f3 de la m\u00fasica a trav\u00e9s [&hellip;]<\/p>\n","protected":false},"author":5,"featured_media":0,"comment_status":"open","ping_status":"open","sticky":false,"template":"","format":"standard","meta":{"_acf_changed":false,"footnotes":""},"categories":[1],"tags":[956,957,958],"acf":[],"aioseo_notices":[],"_links":{"self":[{"href":"https:\/\/www.andacolloconectado.cl\/index.php\/wp-json\/wp\/v2\/posts\/3976"}],"collection":[{"href":"https:\/\/www.andacolloconectado.cl\/index.php\/wp-json\/wp\/v2\/posts"}],"about":[{"href":"https:\/\/www.andacolloconectado.cl\/index.php\/wp-json\/wp\/v2\/types\/post"}],"author":[{"embeddable":true,"href":"https:\/\/www.andacolloconectado.cl\/index.php\/wp-json\/wp\/v2\/users\/5"}],"replies":[{"embeddable":true,"href":"https:\/\/www.andacolloconectado.cl\/index.php\/wp-json\/wp\/v2\/comments?post=3976"}],"version-history":[{"count":1,"href":"https:\/\/www.andacolloconectado.cl\/index.php\/wp-json\/wp\/v2\/posts\/3976\/revisions"}],"predecessor-version":[{"id":3978,"href":"https:\/\/www.andacolloconectado.cl\/index.php\/wp-json\/wp\/v2\/posts\/3976\/revisions\/3978"}],"wp:attachment":[{"href":"https:\/\/www.andacolloconectado.cl\/index.php\/wp-json\/wp\/v2\/media?parent=3976"}],"wp:term":[{"taxonomy":"category","embeddable":true,"href":"https:\/\/www.andacolloconectado.cl\/index.php\/wp-json\/wp\/v2\/categories?post=3976"},{"taxonomy":"post_tag","embeddable":true,"href":"https:\/\/www.andacolloconectado.cl\/index.php\/wp-json\/wp\/v2\/tags?post=3976"}],"curies":[{"name":"wp","href":"https:\/\/api.w.org\/{rel}","templated":true}]}}