{"id":4366,"date":"2017-07-06T22:05:53","date_gmt":"2017-07-06T22:05:53","guid":{"rendered":"http:\/\/www.andacolloconectado.cl\/?p=4366"},"modified":"2017-07-06T22:05:53","modified_gmt":"2017-07-06T22:05:53","slug":"grupo-los-problematicos-lanza-el-cd-simplemente-recordando","status":"publish","type":"post","link":"https:\/\/www.andacolloconectado.cl\/index.php\/grupo-los-problematicos-lanza-el-cd-simplemente-recordando\/","title":{"rendered":"Grupo \u201cLos Problem\u00e1ticos\u201d lanza el CD \u201cSimplemente Recordando\u201d"},"content":{"rendered":"<p>El recordado conjunto andacollino \u201cLos Problem\u00e1ticos\u201d celebr\u00f3 en mayo pasado los 50 a\u00f1os de su formaci\u00f3n, y a modo de conmemoraci\u00f3n lanzaron un CD titulado \u201cSimplemente recordando\u201d que contiene temas in\u00e9ditos y tambi\u00e9n una recopilaci\u00f3n de sus canciones m\u00e1s conocidas.<\/p>\n<p>La historia de este conjunto parti\u00f3 cuando se unieron para acompa\u00f1ar a los participantes del Primer Festival del Liceo andacollino, en mayo de 1967, en el marco de las celebraciones de Aniversario del establecimiento educacional, con el paso del tiempo nacer\u00edan \u201cLos Problem\u00e1ticos\u201d que durante 25 a\u00f1os amenizaron bailes comunitarios, festivales y fiestas de celebraciones familiares que se realizaban en nuestra comuna.<\/p>\n<p>Francisco Vega y Jorge \u00c1lvarez, director y vocalista respectivamente de Los Problem\u00e1ticos, comentan que la elecci\u00f3n del nombre se dio de manera espont\u00e1nea, debido a las complicaciones que ten\u00edan para tocar en los inicios, pues solo ten\u00edan las ganas de hacerlo y no ten\u00edan recursos para adquirir los instrumentos, as\u00ed que deb\u00edan conseguirlos.<\/p>\n<p>Del CD actual, Francisco Vega se\u00f1ala que es un material con 11 temas y un mix con 5 cumbias, destaca adem\u00e1s que \u201caparte del sonido tradicional nos respaldamos con el sonido de una orquesta mayor por eso se escuchan mariachis y violines en algunos de los temas\u201d.<\/p>\n<p>Para estos artistas grabar el CD fue una forma de agradecer el cari\u00f1o de tantos andacollinos que los recuerdan, \u201cla gente nos sigue porque somos parte de la banda sonora de sus vidas, son 2 generaciones que estuvieron con nosotros, somos parte de Andacollo, de los recuerdos de las baladas porque se tocaban los lentos y eso marc\u00f3 los 50 a\u00f1os de nuestra m\u00fasica\u201d, explic\u00f3 el director.<\/p>\n<p>En este lanzamiento de sus nuevas composiciones, tambi\u00e9n tienen en su memoria a sus amigos que ya han fallecido y que entregaron su talento a \u201cLos Problem\u00e1ticos\u201d . Ellos son Ismael Aguirre, Marcos Vega, Miguel Vega, \u00d3scar Oyarzun y Arturo Rojas.<\/p>\n<p>Este CD ya se encuentra a la venta en la Confiter\u00eda Betsab\u00e9 de Urmeneta 649, para todos los nost\u00e1lgicos de este grupo musical andacollino.<\/p>\n","protected":false},"excerpt":{"rendered":"<p>El recordado conjunto andacollino \u201cLos Problem\u00e1ticos\u201d celebr\u00f3 en mayo pasado los 50 a\u00f1os de su formaci\u00f3n, y a modo de conmemoraci\u00f3n lanzaron un CD titulado \u201cSimplemente recordando\u201d que contiene temas in\u00e9ditos y tambi\u00e9n una recopilaci\u00f3n de sus canciones m\u00e1s conocidas. La historia de este conjunto parti\u00f3 cuando se unieron para acompa\u00f1ar a los participantes del [&hellip;]<\/p>\n","protected":false},"author":5,"featured_media":0,"comment_status":"open","ping_status":"open","sticky":false,"template":"","format":"standard","meta":{"_acf_changed":false,"footnotes":""},"categories":[1],"tags":[1071,1020],"acf":[],"aioseo_notices":[],"_links":{"self":[{"href":"https:\/\/www.andacolloconectado.cl\/index.php\/wp-json\/wp\/v2\/posts\/4366"}],"collection":[{"href":"https:\/\/www.andacolloconectado.cl\/index.php\/wp-json\/wp\/v2\/posts"}],"about":[{"href":"https:\/\/www.andacolloconectado.cl\/index.php\/wp-json\/wp\/v2\/types\/post"}],"author":[{"embeddable":true,"href":"https:\/\/www.andacolloconectado.cl\/index.php\/wp-json\/wp\/v2\/users\/5"}],"replies":[{"embeddable":true,"href":"https:\/\/www.andacolloconectado.cl\/index.php\/wp-json\/wp\/v2\/comments?post=4366"}],"version-history":[{"count":1,"href":"https:\/\/www.andacolloconectado.cl\/index.php\/wp-json\/wp\/v2\/posts\/4366\/revisions"}],"predecessor-version":[{"id":4368,"href":"https:\/\/www.andacolloconectado.cl\/index.php\/wp-json\/wp\/v2\/posts\/4366\/revisions\/4368"}],"wp:attachment":[{"href":"https:\/\/www.andacolloconectado.cl\/index.php\/wp-json\/wp\/v2\/media?parent=4366"}],"wp:term":[{"taxonomy":"category","embeddable":true,"href":"https:\/\/www.andacolloconectado.cl\/index.php\/wp-json\/wp\/v2\/categories?post=4366"},{"taxonomy":"post_tag","embeddable":true,"href":"https:\/\/www.andacolloconectado.cl\/index.php\/wp-json\/wp\/v2\/tags?post=4366"}],"curies":[{"name":"wp","href":"https:\/\/api.w.org\/{rel}","templated":true}]}}