{"id":4496,"date":"2017-07-25T20:41:14","date_gmt":"2017-07-25T20:41:14","guid":{"rendered":"http:\/\/www.andacolloconectado.cl\/?p=4496"},"modified":"2017-07-25T20:41:14","modified_gmt":"2017-07-25T20:41:14","slug":"treinta-ninos-andacollinos-son-beneficiados-con-vacaciones-preventivas","status":"publish","type":"post","link":"https:\/\/www.andacolloconectado.cl\/index.php\/treinta-ninos-andacollinos-son-beneficiados-con-vacaciones-preventivas\/","title":{"rendered":"Treinta ni\u00f1os andacollinos son beneficiados con vacaciones preventivas"},"content":{"rendered":"<p>La iniciativa fue organizada por la Municipalidad de Andacollo a trav\u00e9s de la Oficina Municipal SENDA Previene y la Oficina de Protecci\u00f3n de Derechos Infanto-juveniles (OPD), beneficiando a treinta menores de diversos sectores de la comuna como El Curque, Casuto, Maitencillo, El Molle, Poblaci\u00f3n 25 de Octubre y Barrio Norte, adem\u00e1s de algunos integrantes del Consejo de la Infancia.<\/p>\n<p>Mauricio Segovia, coordinador de la Oficina Municipal <a href=\"http:\/\/www.senda.gob.cl\/region\/de\/coquimbo\/\" target=\"_blank\">SENDA Previene<\/a>, explic\u00f3 que \u201cesta actividad se enmarca en nuestra programaci\u00f3n para las vacaciones de invierno. Pudimos organizar una serie de instancias sumamente entretenidas y novedosas para los ni\u00f1os de nuestra comuna, junto con entregar un mensaje preventivo en relaci\u00f3n al consumo de drogas y alcohol\u201d.<\/p>\n<p>En total fueron treinta ni\u00f1os y ni\u00f1as de la comuna de Andacollo que disfrutaron de una divertida jornada y un entretenido viaje a La Serena y Coquimbo para disfrutar de las denominadas \u201cvacaciones preventivas\u201d,que contempl\u00f3 una visita al Museo Interactivo Mirador <a href=\"http:\/\/www.mim.cl\/\" target=\"_blank\">(MIM)<\/a> que en su versi\u00f3n itinerante se encuentra en la capital regional.<\/p>\n<p>Luego, participaron en un taller de habilidades sociales sobre los riesgos del consumo de drogas y alcohol, junto con una clase de cocina a cargo de Darma Producciones, para finalizar el d\u00eda con una visita a la exposici\u00f3n de Dinosaurios Robotizados, ubicados en Espacio Pe\u00f1uelas en Coquimbo.<\/p>\n<p>Cabe destacar que esta instancia de recreaci\u00f3n fue posible gracias al apoyo de empresas andacollinas c\u00f3mo: <a href=\"http:\/\/www.empresapasmar.cl\/\" target=\"_blank\">PASMAR<\/a>, CEO, A&amp;V, VS, PUNTO AZUL, LAB-MET, SOBITEC y Eduardo Rojas Transporte, quienes desarrollan estrategias preventivas al interior de sus espacios laborales.<\/p>\n","protected":false},"excerpt":{"rendered":"<p>La iniciativa fue organizada por la Municipalidad de Andacollo a trav\u00e9s de la Oficina Municipal SENDA Previene y la Oficina de Protecci\u00f3n de Derechos Infanto-juveniles (OPD), beneficiando a treinta menores de diversos sectores de la comuna como El Curque, Casuto, Maitencillo, El Molle, Poblaci\u00f3n 25 de Octubre y Barrio Norte, adem\u00e1s de algunos integrantes del [&hellip;]<\/p>\n","protected":false},"author":5,"featured_media":0,"comment_status":"open","ping_status":"open","sticky":false,"template":"","format":"standard","meta":{"_acf_changed":false,"footnotes":""},"categories":[4569],"tags":[1114,48,1113],"acf":[],"aioseo_notices":[],"_links":{"self":[{"href":"https:\/\/www.andacolloconectado.cl\/index.php\/wp-json\/wp\/v2\/posts\/4496"}],"collection":[{"href":"https:\/\/www.andacolloconectado.cl\/index.php\/wp-json\/wp\/v2\/posts"}],"about":[{"href":"https:\/\/www.andacolloconectado.cl\/index.php\/wp-json\/wp\/v2\/types\/post"}],"author":[{"embeddable":true,"href":"https:\/\/www.andacolloconectado.cl\/index.php\/wp-json\/wp\/v2\/users\/5"}],"replies":[{"embeddable":true,"href":"https:\/\/www.andacolloconectado.cl\/index.php\/wp-json\/wp\/v2\/comments?post=4496"}],"version-history":[{"count":2,"href":"https:\/\/www.andacolloconectado.cl\/index.php\/wp-json\/wp\/v2\/posts\/4496\/revisions"}],"predecessor-version":[{"id":4499,"href":"https:\/\/www.andacolloconectado.cl\/index.php\/wp-json\/wp\/v2\/posts\/4496\/revisions\/4499"}],"wp:attachment":[{"href":"https:\/\/www.andacolloconectado.cl\/index.php\/wp-json\/wp\/v2\/media?parent=4496"}],"wp:term":[{"taxonomy":"category","embeddable":true,"href":"https:\/\/www.andacolloconectado.cl\/index.php\/wp-json\/wp\/v2\/categories?post=4496"},{"taxonomy":"post_tag","embeddable":true,"href":"https:\/\/www.andacolloconectado.cl\/index.php\/wp-json\/wp\/v2\/tags?post=4496"}],"curies":[{"name":"wp","href":"https:\/\/api.w.org\/{rel}","templated":true}]}}