{"id":4533,"date":"2017-08-01T14:33:20","date_gmt":"2017-08-01T14:33:20","guid":{"rendered":"http:\/\/www.andacolloconectado.cl\/?p=4533"},"modified":"2017-08-01T14:33:20","modified_gmt":"2017-08-01T14:33:20","slug":"campana-ayudame-a-vivir-culmino-exitosamente","status":"publish","type":"post","link":"https:\/\/www.andacolloconectado.cl\/index.php\/campana-ayudame-a-vivir-culmino-exitosamente\/","title":{"rendered":"Campa\u00f1a \u201cAy\u00fadame a Vivir\u201d culmin\u00f3  exitosamente"},"content":{"rendered":"<p align=\"JUSTIFY\">Este 31 de julio en el frontis del Municipio, se dio por finalizada la campa\u00f1a \u201cAy\u00fadame a Vivir\u201d organizada por la \u201cAgrupaci\u00f3n Amigos Oncol\u00f3gicos de Andacollo\u201d, \u00a0que por espacio de un mes desarrollaron diferentes actividades para recaudar fondos destinados a costear gastos de los enfermos de c\u00e1ncer de nuestra ciudad.<\/p>\n<p align=\"JUSTIFY\">Esta organizaci\u00f3n est\u00e1 formada por 42 socios, de los cuales 16 son enfermos oncol\u00f3gicos. Su presidenta es la profesora Flor Carvajal, quien se\u00f1al\u00f3 que se lograron reunir $3.670.270 a trav\u00e9s de las diferentes actividades como t\u00f3mbolas, bingo, alcanc\u00edas, venta de churrascas y zumbat\u00f3n.<\/p>\n<p align=\"JUSTIFY\">La dirigente agreg\u00f3 que \u201cestamos alegres por los enfermos y las familias, porque tenemos un presupuesto para que la gente viaje y compre sus remedios\u201d. Adem\u00e1s agradeci\u00f3 a todos los andacollinos que colaboraron con sus aportes para reunir el dinero, a las familias que participaron y especialmente animadores, cantantes, medios de comunicaci\u00f3n que ayudaron al desarrollo y difusi\u00f3n de esta importante campa\u00f1a.<\/p>\n<p align=\"JUSTIFY\">Finalmente, hay que destacar que el objetivo de esta cruzada de solidaridad es apoyar a los enfermos andacollinos que est\u00e1n en tratamiento y que deben viajar a Valpara\u00edso. Adem\u00e1s de ayudar a las familias, pues muchos de ellos son jefas o jefes de hogar que, al verse imposibilitados de trabajar, pierden el ingreso que da sustento a su entorno cercano.<\/p>\n","protected":false},"excerpt":{"rendered":"<p>Este 31 de julio en el frontis del Municipio, se dio por finalizada la campa\u00f1a \u201cAy\u00fadame a Vivir\u201d organizada por la \u201cAgrupaci\u00f3n Amigos Oncol\u00f3gicos de Andacollo\u201d, \u00a0que por espacio de un mes desarrollaron diferentes actividades para recaudar fondos destinados a costear gastos de los enfermos de c\u00e1ncer de nuestra ciudad. Esta organizaci\u00f3n est\u00e1 formada por [&hellip;]<\/p>\n","protected":false},"author":3,"featured_media":0,"comment_status":"open","ping_status":"open","sticky":false,"template":"","format":"standard","meta":{"_acf_changed":false,"footnotes":""},"categories":[4569],"tags":[1121,1122,1123],"acf":[],"aioseo_notices":[],"_links":{"self":[{"href":"https:\/\/www.andacolloconectado.cl\/index.php\/wp-json\/wp\/v2\/posts\/4533"}],"collection":[{"href":"https:\/\/www.andacolloconectado.cl\/index.php\/wp-json\/wp\/v2\/posts"}],"about":[{"href":"https:\/\/www.andacolloconectado.cl\/index.php\/wp-json\/wp\/v2\/types\/post"}],"author":[{"embeddable":true,"href":"https:\/\/www.andacolloconectado.cl\/index.php\/wp-json\/wp\/v2\/users\/3"}],"replies":[{"embeddable":true,"href":"https:\/\/www.andacolloconectado.cl\/index.php\/wp-json\/wp\/v2\/comments?post=4533"}],"version-history":[{"count":1,"href":"https:\/\/www.andacolloconectado.cl\/index.php\/wp-json\/wp\/v2\/posts\/4533\/revisions"}],"predecessor-version":[{"id":4535,"href":"https:\/\/www.andacolloconectado.cl\/index.php\/wp-json\/wp\/v2\/posts\/4533\/revisions\/4535"}],"wp:attachment":[{"href":"https:\/\/www.andacolloconectado.cl\/index.php\/wp-json\/wp\/v2\/media?parent=4533"}],"wp:term":[{"taxonomy":"category","embeddable":true,"href":"https:\/\/www.andacolloconectado.cl\/index.php\/wp-json\/wp\/v2\/categories?post=4533"},{"taxonomy":"post_tag","embeddable":true,"href":"https:\/\/www.andacolloconectado.cl\/index.php\/wp-json\/wp\/v2\/tags?post=4533"}],"curies":[{"name":"wp","href":"https:\/\/api.w.org\/{rel}","templated":true}]}}