{"id":4540,"date":"2017-08-01T18:34:56","date_gmt":"2017-08-01T18:34:56","guid":{"rendered":"http:\/\/www.andacolloconectado.cl\/?p=4540"},"modified":"2017-08-01T18:34:56","modified_gmt":"2017-08-01T18:34:56","slug":"academias-de-basquetbol-andacollinas-se-preparan-para-lograr-un-nivel-competitivo","status":"publish","type":"post","link":"https:\/\/www.andacolloconectado.cl\/index.php\/academias-de-basquetbol-andacollinas-se-preparan-para-lograr-un-nivel-competitivo\/","title":{"rendered":"Academias de b\u00e1squetbol andacollinas se preparan para lograr un nivel competitivo"},"content":{"rendered":"<p>En nuestra comuna como parte del programa del desarrollo y fomento de la actividad f\u00edsica, se est\u00e1n realizando dos academias que buscan promover la pr\u00e1ctica del b\u00e1squetbol, para contar con equipos andacollinos que nos representen en los torneos a nivel regional.<\/p>\n<p>El profesor es Cristi\u00e1n Aliaga, quien actualmente est\u00e1 a cargo de la Academia Infantil, que incluye a ni\u00f1os de 9 a 14 a\u00f1os, y de la Academia Femenina que est\u00e1 integrada por mujeres adultas.<\/p>\n<p>El monitor se\u00f1ala \u00abque este es un proyecto para poder contar con una selecci\u00f3n de basquetbol de Andacollo, que nos represente a nivel regional en esta disciplina. Este es un proceso formativo y competitivo\u201d. Para lograr sus metas la Academia cuenta con el apoyo del Profesor Ram\u00f3n Torrealba del Club Deportivo Atenas de Coquimbo quien est\u00e1 entregando los fundamentos de esta disciplina a los 18 ni\u00f1os que forman parte del equipo.<\/p>\n<p>Para el profesor Aliaga, durante estos 2 meses de funcionamiento de la Academia, los ni\u00f1os han mostrado condiciones para este deporte y han aprendido r\u00e1pido por su empe\u00f1o, entusiasmo y perseverancia en cada d\u00eda de entrenamiento. Adem\u00e1s, resalta el apoyo fundamental de sus padres que los motivan a practicar b\u00e1squetbol.<\/p>\n<p>En cuanto a la Academia adulta compuesta por 15 mujeres, \u00e9sta se ha desarrollado de muy buena manera, pues este grupo practica desde hace varios a\u00f1os el b\u00e1squetbol, por lo que participan con mucho entusiasmo de los acondicionamientos f\u00edsicos y entrenamientos para poder lograr un nivel optimo de competici\u00f3n en los torneos regionales.<\/p>\n","protected":false},"excerpt":{"rendered":"<p>En nuestra comuna como parte del programa del desarrollo y fomento de la actividad f\u00edsica, se est\u00e1n realizando dos academias que buscan promover la pr\u00e1ctica del b\u00e1squetbol, para contar con equipos andacollinos que nos representen en los torneos a nivel regional. El profesor es Cristi\u00e1n Aliaga, quien actualmente est\u00e1 a cargo de la Academia Infantil, [&hellip;]<\/p>\n","protected":false},"author":5,"featured_media":0,"comment_status":"open","ping_status":"open","sticky":false,"template":"","format":"standard","meta":{"_acf_changed":false,"footnotes":""},"categories":[4569],"tags":[1124],"acf":[],"aioseo_notices":[],"_links":{"self":[{"href":"https:\/\/www.andacolloconectado.cl\/index.php\/wp-json\/wp\/v2\/posts\/4540"}],"collection":[{"href":"https:\/\/www.andacolloconectado.cl\/index.php\/wp-json\/wp\/v2\/posts"}],"about":[{"href":"https:\/\/www.andacolloconectado.cl\/index.php\/wp-json\/wp\/v2\/types\/post"}],"author":[{"embeddable":true,"href":"https:\/\/www.andacolloconectado.cl\/index.php\/wp-json\/wp\/v2\/users\/5"}],"replies":[{"embeddable":true,"href":"https:\/\/www.andacolloconectado.cl\/index.php\/wp-json\/wp\/v2\/comments?post=4540"}],"version-history":[{"count":1,"href":"https:\/\/www.andacolloconectado.cl\/index.php\/wp-json\/wp\/v2\/posts\/4540\/revisions"}],"predecessor-version":[{"id":4544,"href":"https:\/\/www.andacolloconectado.cl\/index.php\/wp-json\/wp\/v2\/posts\/4540\/revisions\/4544"}],"wp:attachment":[{"href":"https:\/\/www.andacolloconectado.cl\/index.php\/wp-json\/wp\/v2\/media?parent=4540"}],"wp:term":[{"taxonomy":"category","embeddable":true,"href":"https:\/\/www.andacolloconectado.cl\/index.php\/wp-json\/wp\/v2\/categories?post=4540"},{"taxonomy":"post_tag","embeddable":true,"href":"https:\/\/www.andacolloconectado.cl\/index.php\/wp-json\/wp\/v2\/tags?post=4540"}],"curies":[{"name":"wp","href":"https:\/\/api.w.org\/{rel}","templated":true}]}}