{"id":4545,"date":"2017-08-01T21:54:25","date_gmt":"2017-08-01T21:54:25","guid":{"rendered":"http:\/\/www.andacolloconectado.cl\/?p=4545"},"modified":"2017-08-01T21:58:35","modified_gmt":"2017-08-01T21:58:35","slug":"una-nueva-voz-andacollina-para-las-canciones-mexicanas","status":"publish","type":"post","link":"https:\/\/www.andacolloconectado.cl\/index.php\/una-nueva-voz-andacollina-para-las-canciones-mexicanas\/","title":{"rendered":"Una nueva voz andacollina para las canciones mexicanas"},"content":{"rendered":"<p>Juan David L\u00f3pez Mart\u00ednez \u201cEl Rancherito andacollino\u201d es un peque\u00f1o artista local que est\u00e1 dando sus primeros pasos en los escenarios de nuestra comuna present\u00e1ndose en las diversas actividades en que solicitan su cooperaci\u00f3n.<\/p>\n<p>El peque\u00f1o int\u00e9rprete de 10 a\u00f1os lleva el talento en sus venas, pues es nieto de Erick Mart\u00ednez, quien por a\u00f1os ha participado en el Santuario de Andacollo cantando a la Chinita.<\/p>\n<p>Su primera incursi\u00f3n en el canto fue en el \u201cFestival de El Salitre\u201d el a\u00f1o pasado, su madre Gabriela, recuerda que para presentaci\u00f3n \u00e9l prepar\u00f3 sus pistas y fue una grata sorpresa tanto para ella como para el publico ver el show de Juan David, quien interpreta las canciones de sus \u00eddolos mexicanos Pedro Fern\u00e1ndez y Vicente Fern\u00e1ndez.<\/p>\n<p>Desde esa fecha \u201cel rancherito andacollino\u201d se esmera en tener temas nuevos para cada celebraci\u00f3n especial, como el D\u00eda de la Madre, D\u00eda del Padre y actividades en el Colegio Parroquial donde actualmente estudia.<\/p>\n<p>Su m\u00e1s ultima presentaci\u00f3n la realiz\u00f3 ayer, junto a su primo Benjam\u00edn para apoyar el cierre de campa\u00f1a \u201cAy\u00fadame a Vivir\u201d de la Agrupaci\u00f3n de Amigos Oncol\u00f3gicos de Andacollo, que culmin\u00f3 en la Plaza Videla. All\u00ed, nuevamente encant\u00f3 con su voz y desplante interpretativo a todos quienes lo escucharon.<\/p>\n","protected":false},"excerpt":{"rendered":"<p>Juan David L\u00f3pez Mart\u00ednez \u201cEl Rancherito andacollino\u201d es un peque\u00f1o artista local que est\u00e1 dando sus primeros pasos en los escenarios de nuestra comuna present\u00e1ndose en las diversas actividades en que solicitan su cooperaci\u00f3n. El peque\u00f1o int\u00e9rprete de 10 a\u00f1os lleva el talento en sus venas, pues es nieto de Erick Mart\u00ednez, quien por a\u00f1os [&hellip;]<\/p>\n","protected":false},"author":5,"featured_media":0,"comment_status":"open","ping_status":"open","sticky":false,"template":"","format":"standard","meta":{"_acf_changed":false,"footnotes":""},"categories":[4569],"tags":[1125],"acf":[],"aioseo_notices":[],"_links":{"self":[{"href":"https:\/\/www.andacolloconectado.cl\/index.php\/wp-json\/wp\/v2\/posts\/4545"}],"collection":[{"href":"https:\/\/www.andacolloconectado.cl\/index.php\/wp-json\/wp\/v2\/posts"}],"about":[{"href":"https:\/\/www.andacolloconectado.cl\/index.php\/wp-json\/wp\/v2\/types\/post"}],"author":[{"embeddable":true,"href":"https:\/\/www.andacolloconectado.cl\/index.php\/wp-json\/wp\/v2\/users\/5"}],"replies":[{"embeddable":true,"href":"https:\/\/www.andacolloconectado.cl\/index.php\/wp-json\/wp\/v2\/comments?post=4545"}],"version-history":[{"count":2,"href":"https:\/\/www.andacolloconectado.cl\/index.php\/wp-json\/wp\/v2\/posts\/4545\/revisions"}],"predecessor-version":[{"id":4548,"href":"https:\/\/www.andacolloconectado.cl\/index.php\/wp-json\/wp\/v2\/posts\/4545\/revisions\/4548"}],"wp:attachment":[{"href":"https:\/\/www.andacolloconectado.cl\/index.php\/wp-json\/wp\/v2\/media?parent=4545"}],"wp:term":[{"taxonomy":"category","embeddable":true,"href":"https:\/\/www.andacolloconectado.cl\/index.php\/wp-json\/wp\/v2\/categories?post=4545"},{"taxonomy":"post_tag","embeddable":true,"href":"https:\/\/www.andacolloconectado.cl\/index.php\/wp-json\/wp\/v2\/tags?post=4545"}],"curies":[{"name":"wp","href":"https:\/\/api.w.org\/{rel}","templated":true}]}}