{"id":4563,"date":"2017-08-03T15:54:22","date_gmt":"2017-08-03T15:54:22","guid":{"rendered":"http:\/\/www.andacolloconectado.cl\/?p=4563"},"modified":"2017-08-03T15:54:22","modified_gmt":"2017-08-03T15:54:22","slug":"asociacion-de-futbol-trabaja-en-el-campeonato-local-y-en-las-eliminatorias-regionales-infantiles","status":"publish","type":"post","link":"https:\/\/www.andacolloconectado.cl\/index.php\/asociacion-de-futbol-trabaja-en-el-campeonato-local-y-en-las-eliminatorias-regionales-infantiles\/","title":{"rendered":"Asociaci\u00f3n de F\u00fatbol trabaja en el campeonato local y en las eliminatorias regionales infantiles"},"content":{"rendered":"<p>La Asociaci\u00f3n de F\u00fatbol de Andacollo est\u00e1 conformada por 9 equipos que disputan el campeonato local, actualmente ya se han jugado 7 fechas correspondientes a este torneo, que ha estado desarroll\u00e1ndose muy bien seg\u00fan lo manifestado por el Presidente de los Clubes, Javier Vicencio.<\/p>\n<p>Una buena noticia que recibi\u00f3 esta Asociaci\u00f3n es la aprobaci\u00f3n de un proyecto que presentaron a la Mesa Ejecutiva Por Andacollo (MEPA) a trav\u00e9s del cual podr\u00e1n solventar los servicios de arbitraje para los partidos locales , lo que les permitir\u00e1 ahorrar en ese gasto.<\/p>\n<p>Tambi\u00e9n las selecciones infantiles que representan a la comuna en el campeonato regional podr\u00e1n participar con la implementaci\u00f3n deportiva adecuada y contar\u00e1n con el acompa\u00f1amiento en cancha de un kinesi\u00f3logo para atender las posibles lesiones que sufran.<\/p>\n<p>Por otra parte, el tercer fin de semana de agosto se dar\u00e1 inicio al campeonato de clasificatorias para el nacional en las categor\u00edas infantiles, en las cuales participar\u00e1 Andacollo en las series Sub 13, a cargo de Ricardo Farias, y Sub 15, encabezada por Diego Past\u00e9n y Yon Tapia.<\/p>\n<p>El partido de debut se disputar\u00e1 en Ovalle, con la selecci\u00f3n local y con la de Diaguitas, y los encuentros se realizar\u00e1n a partir de las 14.30horas. Aunque falta por confirmar el d\u00eda y el horario final para cada encuentro<\/p>\n","protected":false},"excerpt":{"rendered":"<p>La Asociaci\u00f3n de F\u00fatbol de Andacollo est\u00e1 conformada por 9 equipos que disputan el campeonato local, actualmente ya se han jugado 7 fechas correspondientes a este torneo, que ha estado desarroll\u00e1ndose muy bien seg\u00fan lo manifestado por el Presidente de los Clubes, Javier Vicencio. Una buena noticia que recibi\u00f3 esta Asociaci\u00f3n es la aprobaci\u00f3n de [&hellip;]<\/p>\n","protected":false},"author":5,"featured_media":0,"comment_status":"open","ping_status":"open","sticky":false,"template":"","format":"standard","meta":{"_acf_changed":false,"footnotes":""},"categories":[4569],"tags":[34],"acf":[],"aioseo_notices":[],"_links":{"self":[{"href":"https:\/\/www.andacolloconectado.cl\/index.php\/wp-json\/wp\/v2\/posts\/4563"}],"collection":[{"href":"https:\/\/www.andacolloconectado.cl\/index.php\/wp-json\/wp\/v2\/posts"}],"about":[{"href":"https:\/\/www.andacolloconectado.cl\/index.php\/wp-json\/wp\/v2\/types\/post"}],"author":[{"embeddable":true,"href":"https:\/\/www.andacolloconectado.cl\/index.php\/wp-json\/wp\/v2\/users\/5"}],"replies":[{"embeddable":true,"href":"https:\/\/www.andacolloconectado.cl\/index.php\/wp-json\/wp\/v2\/comments?post=4563"}],"version-history":[{"count":1,"href":"https:\/\/www.andacolloconectado.cl\/index.php\/wp-json\/wp\/v2\/posts\/4563\/revisions"}],"predecessor-version":[{"id":4565,"href":"https:\/\/www.andacolloconectado.cl\/index.php\/wp-json\/wp\/v2\/posts\/4563\/revisions\/4565"}],"wp:attachment":[{"href":"https:\/\/www.andacolloconectado.cl\/index.php\/wp-json\/wp\/v2\/media?parent=4563"}],"wp:term":[{"taxonomy":"category","embeddable":true,"href":"https:\/\/www.andacolloconectado.cl\/index.php\/wp-json\/wp\/v2\/categories?post=4563"},{"taxonomy":"post_tag","embeddable":true,"href":"https:\/\/www.andacolloconectado.cl\/index.php\/wp-json\/wp\/v2\/tags?post=4563"}],"curies":[{"name":"wp","href":"https:\/\/api.w.org\/{rel}","templated":true}]}}