{"id":4574,"date":"2017-08-04T18:08:50","date_gmt":"2017-08-04T18:08:50","guid":{"rendered":"http:\/\/www.andacolloconectado.cl\/?p=4574"},"modified":"2017-08-04T18:08:50","modified_gmt":"2017-08-04T18:08:50","slug":"parroquia-de-andacollo-da-a-conocer-programa-en-el-mes-de-la-solidaridad","status":"publish","type":"post","link":"https:\/\/www.andacolloconectado.cl\/index.php\/parroquia-de-andacollo-da-a-conocer-programa-en-el-mes-de-la-solidaridad\/","title":{"rendered":"Parroquia de Andacollo da a conocer Programa en el Mes de la Solidaridad"},"content":{"rendered":"<p>En este mes de agosto dedicado a la Solidaridad, la Parroquia local ha dado a conocer la programaci\u00f3n que tiene contemplada para las pr\u00f3ximas semanas.<\/p>\n<p>A partir del <strong>5 de agosto<\/strong> se efectuar\u00e1n intervenciones en las Misas vespertinas de todo el mes, que consistir\u00e1n en que los diferentes grupos parroquiales motivar\u00e1n y resaltar\u00e1n la solidaridad dentro de la comunidad.<\/p>\n<p>El <strong>10 de agosto<\/strong> se celebrar\u00e1 la Misa por el d\u00eda del Minero, a las<strong> 12:00 horas<\/strong> en la Bas\u00edlica Menor. El Padre Eduardo Huerta nos se\u00f1ala que \u201cser\u00e1 un momento para poner delante del se\u00f1or esta actividad que es el trabajo minero, que se conjuga con la Piedad Popular, ser\u00e1 un momento de reflexi\u00f3n y comunicaci\u00f3n de ideas para mover las voluntades en torno a este tradicional oficio andacollino\u201d.<\/p>\n<p>El <strong>12 de agosto<\/strong> se conmemora el d\u00e9cimo quinto aniversario del Comedor de Ancianos Antonio Fern\u00e1ndez Cuervo. El cual es atendido por voluntarias, quienes m\u00e1s que entregar alimentos acogen a los adultos mayores con mucho cari\u00f1o brind\u00e1ndoles la atenci\u00f3n que necesitan.<\/p>\n<p>El <strong>15 de agosto<\/strong> ser\u00e1 la bendici\u00f3n de los arreglos efectuados al Camar\u00edn de la Virgen, esta ceremonia contar\u00e1 con la presencia de Monse\u00f1or Ren\u00e9 Rebolledo, Arzobispo de La Serena.<\/p>\n<p>El <strong>19 de agosto<\/strong> se realizar\u00e1 la Misa de la Solidaridad a las <strong>19:00 horas<\/strong>, con \u00e9nfasis en la Pastoral Social y en la Pastoral de inmigrantes.<\/p>\n<p>El <strong>20 de agosto<\/strong> a partir de las<strong> 16:00 horas<\/strong>, ser\u00e1 la celebraci\u00f3n de la Fiesta de San Lorenzo en la capilla del sector Matadero.<\/p>\n<p>Finalmente, el <strong>26 de agosto<\/strong> desde las <strong>12:00 horas<\/strong>, la Camioneta solidaria recorrer\u00e1 los distintos sectores del pueblo para recolectar las donaciones de alimentos no perecibles, \u00fatiles de aseo, pa\u00f1ales y ropa de cama.<\/p>\n","protected":false},"excerpt":{"rendered":"<p>En este mes de agosto dedicado a la Solidaridad, la Parroquia local ha dado a conocer la programaci\u00f3n que tiene contemplada para las pr\u00f3ximas semanas. A partir del 5 de agosto se efectuar\u00e1n intervenciones en las Misas vespertinas de todo el mes, que consistir\u00e1n en que los diferentes grupos parroquiales motivar\u00e1n y resaltar\u00e1n la solidaridad [&hellip;]<\/p>\n","protected":false},"author":5,"featured_media":0,"comment_status":"open","ping_status":"open","sticky":false,"template":"","format":"standard","meta":{"_acf_changed":false,"footnotes":""},"categories":[4569],"tags":[1129],"acf":[],"aioseo_notices":[],"_links":{"self":[{"href":"https:\/\/www.andacolloconectado.cl\/index.php\/wp-json\/wp\/v2\/posts\/4574"}],"collection":[{"href":"https:\/\/www.andacolloconectado.cl\/index.php\/wp-json\/wp\/v2\/posts"}],"about":[{"href":"https:\/\/www.andacolloconectado.cl\/index.php\/wp-json\/wp\/v2\/types\/post"}],"author":[{"embeddable":true,"href":"https:\/\/www.andacolloconectado.cl\/index.php\/wp-json\/wp\/v2\/users\/5"}],"replies":[{"embeddable":true,"href":"https:\/\/www.andacolloconectado.cl\/index.php\/wp-json\/wp\/v2\/comments?post=4574"}],"version-history":[{"count":1,"href":"https:\/\/www.andacolloconectado.cl\/index.php\/wp-json\/wp\/v2\/posts\/4574\/revisions"}],"predecessor-version":[{"id":4576,"href":"https:\/\/www.andacolloconectado.cl\/index.php\/wp-json\/wp\/v2\/posts\/4574\/revisions\/4576"}],"wp:attachment":[{"href":"https:\/\/www.andacolloconectado.cl\/index.php\/wp-json\/wp\/v2\/media?parent=4574"}],"wp:term":[{"taxonomy":"category","embeddable":true,"href":"https:\/\/www.andacolloconectado.cl\/index.php\/wp-json\/wp\/v2\/categories?post=4574"},{"taxonomy":"post_tag","embeddable":true,"href":"https:\/\/www.andacolloconectado.cl\/index.php\/wp-json\/wp\/v2\/tags?post=4574"}],"curies":[{"name":"wp","href":"https:\/\/api.w.org\/{rel}","templated":true}]}}