{"id":4579,"date":"2017-08-04T21:10:15","date_gmt":"2017-08-04T21:10:15","guid":{"rendered":"http:\/\/www.andacolloconectado.cl\/?p=4579"},"modified":"2017-08-04T21:10:15","modified_gmt":"2017-08-04T21:10:15","slug":"estudiantes-andacollinos-se-suman-a-la-campana-escuchar-es-parte-de-la-solucion","status":"publish","type":"post","link":"https:\/\/www.andacolloconectado.cl\/index.php\/estudiantes-andacollinos-se-suman-a-la-campana-escuchar-es-parte-de-la-solucion\/","title":{"rendered":"Estudiantes andacollinos se suman a la campa\u00f1a \u201cEscuchar es parte de la soluci\u00f3n\u201d"},"content":{"rendered":"<p>Esta nueva campa\u00f1a \u201cEscuchar es parte de la soluci\u00f3n\u201d, realizada por el Servicio Nacional para la Prevenci\u00f3n y Rehabilitaci\u00f3n del Consumo de Drogas y Alcohol <a href=\"http:\/\/www.senda.gob.cl\" target=\"_blank\">(SENDA)<\/a>, est\u00e1 enfocada en la promoci\u00f3n del Fono 1412 de Drogas y Alcohol, y en la importancia de las oficinas comunales de SENDA Previene.<\/p>\n<p>El lanzamiento de la actividad se realiz\u00f3 en las dependencias de la Escuela Patricio Lynch, con alumnos de quinto b\u00e1sico, quienes participaron de una sesi\u00f3n de la estrategia Continuo Preventivo para luego conocer los alcances de la iniciativa.<\/p>\n<p>\u201cNuestro Fono Drogas y Alcohol es an\u00f3nimo, gratuito y confidencial, y entrega orientaci\u00f3n a quienes presentan consumo problem\u00e1tico de estas sustancias\u201d, se\u00f1al\u00f3 Mauricio Segovia, coordinador de la Oficina Municipal SENDA Previene de Andacollo, a cargo de la actividad, en la que tambi\u00e9n particip\u00f3 la Directora Regional de SENDA, Fernanda Alvarado.<\/p>\n<p>El equipo <a href=\"http:\/\/www.senda.gob.cl\" target=\"_blank\">SENDA <\/a>tambi\u00e9n se reuni\u00f3 con representantes de instituciones de salud, tribunales y educaci\u00f3n que trabajan en labores preventivas en la comuna para coordinar el trabajo para el segundo semestre del presente a\u00f1o.<\/p>\n<p>La importancia de cada oficina municipal de SENDA Previene es que trabaja en la problem\u00e1tica de cada una de las comunas donde se ubican y articulan la oferta program\u00e1tica del organismo a nivel local. En la regi\u00f3n se encuentran ubicadas en La Serena, Coquimbo, Vicu\u00f1a, Ovalle, Monte Patria, Punitaqui, Illapel, Los Vilos y Andacollo.<\/p>\n<p>Para conocer m\u00e1s sobre la campa\u00f1a \u201cEscuchar es parte de la soluci\u00f3n\u201d se puede visitar el sitio <a href=\"http:\/\/www.senda.gob.cl\" target=\"_blank\">www.senda.gob.cl <\/a>donde se entrega informaci\u00f3n y consejos preventivos para las familias y la comunidad en general.<\/p>\n","protected":false},"excerpt":{"rendered":"<p>Esta nueva campa\u00f1a \u201cEscuchar es parte de la soluci\u00f3n\u201d, realizada por el Servicio Nacional para la Prevenci\u00f3n y Rehabilitaci\u00f3n del Consumo de Drogas y Alcohol (SENDA), est\u00e1 enfocada en la promoci\u00f3n del Fono 1412 de Drogas y Alcohol, y en la importancia de las oficinas comunales de SENDA Previene. El lanzamiento de la actividad se [&hellip;]<\/p>\n","protected":false},"author":5,"featured_media":0,"comment_status":"open","ping_status":"open","sticky":false,"template":"","format":"standard","meta":{"_acf_changed":false,"footnotes":""},"categories":[4569],"tags":[48],"acf":[],"aioseo_notices":[],"_links":{"self":[{"href":"https:\/\/www.andacolloconectado.cl\/index.php\/wp-json\/wp\/v2\/posts\/4579"}],"collection":[{"href":"https:\/\/www.andacolloconectado.cl\/index.php\/wp-json\/wp\/v2\/posts"}],"about":[{"href":"https:\/\/www.andacolloconectado.cl\/index.php\/wp-json\/wp\/v2\/types\/post"}],"author":[{"embeddable":true,"href":"https:\/\/www.andacolloconectado.cl\/index.php\/wp-json\/wp\/v2\/users\/5"}],"replies":[{"embeddable":true,"href":"https:\/\/www.andacolloconectado.cl\/index.php\/wp-json\/wp\/v2\/comments?post=4579"}],"version-history":[{"count":1,"href":"https:\/\/www.andacolloconectado.cl\/index.php\/wp-json\/wp\/v2\/posts\/4579\/revisions"}],"predecessor-version":[{"id":4581,"href":"https:\/\/www.andacolloconectado.cl\/index.php\/wp-json\/wp\/v2\/posts\/4579\/revisions\/4581"}],"wp:attachment":[{"href":"https:\/\/www.andacolloconectado.cl\/index.php\/wp-json\/wp\/v2\/media?parent=4579"}],"wp:term":[{"taxonomy":"category","embeddable":true,"href":"https:\/\/www.andacolloconectado.cl\/index.php\/wp-json\/wp\/v2\/categories?post=4579"},{"taxonomy":"post_tag","embeddable":true,"href":"https:\/\/www.andacolloconectado.cl\/index.php\/wp-json\/wp\/v2\/tags?post=4579"}],"curies":[{"name":"wp","href":"https:\/\/api.w.org\/{rel}","templated":true}]}}