{"id":4589,"date":"2017-08-07T15:30:37","date_gmt":"2017-08-07T15:30:37","guid":{"rendered":"http:\/\/www.andacolloconectado.cl\/?p=4589"},"modified":"2017-08-07T15:30:37","modified_gmt":"2017-08-07T15:30:37","slug":"se-realizo-la-39-version-de-la-muestra-comunal-escolar-de-cueca","status":"publish","type":"post","link":"https:\/\/www.andacolloconectado.cl\/index.php\/se-realizo-la-39-version-de-la-muestra-comunal-escolar-de-cueca\/","title":{"rendered":"Se realiz\u00f3 la 39\u00b0 Versi\u00f3n de la muestra comunal escolar de Cueca"},"content":{"rendered":"<p>El jueves pasado en el Gimnasio Municipal, se realiz\u00f3 la muestra comunal de Cueca en su Trig\u00e9sima Novena Versi\u00f3n, que cont\u00f3 con la participaci\u00f3n de representantes de todos los establecimientos educacionales andacollinos, tanto municipalizados como subvencionados.<\/p>\n<p>En la ocasi\u00f3n se eligieron las tres parejas locales que nos representar\u00e1n en las distintas categor\u00edas del Campeonato Regional que se realizar\u00e1 en nuestra comuna el viernes 8 de septiembre.<\/p>\n<p>Manuel Gallardo, coordinador de actividades extraescolares de Departamento de Educaci\u00f3n (DAEM), se\u00f1al\u00f3 que \u201cha sido una Muestra de mucho trabajo, hay mucho empe\u00f1o lo que hizo que fuera una magn\u00edfica puesta en escena y el desarrollo de la actividad fue excelente\u201d.<\/p>\n<p>Uno de los pr\u00f3ximos desaf\u00edos es la organizaci\u00f3n de la Trig\u00e9sima Novena Muestra Regional Escolar de Cueca. En la que como anfitriones de las quince comunas de la Regi\u00f3n de Coquimbo, el DAEM ya est\u00e1 trabajando para coordinar todos los servicios que se requieren para ese importante evento como son la puesta en escena, el alojamiento, alimentaci\u00f3n y traslado, etc., para atender de la mejor manera a las personas que arribar\u00e1n a nuestra ciudad.<\/p>\n<p>Para el coordinador de esta actividad \u201cla idea es proyectar el folclor, pero m\u00e1s que nada es mostrar un poco m\u00e1s a nuestra comuna de Andacollo hacia la Regi\u00f3n de Coquimbo\u201d explic\u00f3 Gallardo.<\/p>\n<p><strong>Los resultados en las tres series fueron:<\/strong><br \/>\n<strong>Categor\u00eda Rural:<\/strong> Damary Molina y Yeison San Francisco, representantes de la Escuela Patricio Lynch.<br \/>\n<strong>Categor\u00eda Educaci\u00f3n B\u00e1sica:<\/strong> Catalina Monsalve y Luis Araya, alumnos del Colegio Nuestra Se\u00f1ora del Rosario.<br \/>\n<strong>Categor\u00eda Educaci\u00f3n Media:<\/strong> Constanza Rojas y Benjam\u00edn Mena, estudiantes del Liceo Pedro Regalado Videla Ordenes.<\/p>\n","protected":false},"excerpt":{"rendered":"<p>El jueves pasado en el Gimnasio Municipal, se realiz\u00f3 la muestra comunal de Cueca en su Trig\u00e9sima Novena Versi\u00f3n, que cont\u00f3 con la participaci\u00f3n de representantes de todos los establecimientos educacionales andacollinos, tanto municipalizados como subvencionados. En la ocasi\u00f3n se eligieron las tres parejas locales que nos representar\u00e1n en las distintas categor\u00edas del Campeonato Regional [&hellip;]<\/p>\n","protected":false},"author":5,"featured_media":0,"comment_status":"open","ping_status":"open","sticky":false,"template":"","format":"standard","meta":{"_acf_changed":false,"footnotes":""},"categories":[4569],"tags":[1131],"acf":[],"aioseo_notices":[],"_links":{"self":[{"href":"https:\/\/www.andacolloconectado.cl\/index.php\/wp-json\/wp\/v2\/posts\/4589"}],"collection":[{"href":"https:\/\/www.andacolloconectado.cl\/index.php\/wp-json\/wp\/v2\/posts"}],"about":[{"href":"https:\/\/www.andacolloconectado.cl\/index.php\/wp-json\/wp\/v2\/types\/post"}],"author":[{"embeddable":true,"href":"https:\/\/www.andacolloconectado.cl\/index.php\/wp-json\/wp\/v2\/users\/5"}],"replies":[{"embeddable":true,"href":"https:\/\/www.andacolloconectado.cl\/index.php\/wp-json\/wp\/v2\/comments?post=4589"}],"version-history":[{"count":2,"href":"https:\/\/www.andacolloconectado.cl\/index.php\/wp-json\/wp\/v2\/posts\/4589\/revisions"}],"predecessor-version":[{"id":4592,"href":"https:\/\/www.andacolloconectado.cl\/index.php\/wp-json\/wp\/v2\/posts\/4589\/revisions\/4592"}],"wp:attachment":[{"href":"https:\/\/www.andacolloconectado.cl\/index.php\/wp-json\/wp\/v2\/media?parent=4589"}],"wp:term":[{"taxonomy":"category","embeddable":true,"href":"https:\/\/www.andacolloconectado.cl\/index.php\/wp-json\/wp\/v2\/categories?post=4589"},{"taxonomy":"post_tag","embeddable":true,"href":"https:\/\/www.andacolloconectado.cl\/index.php\/wp-json\/wp\/v2\/tags?post=4589"}],"curies":[{"name":"wp","href":"https:\/\/api.w.org\/{rel}","templated":true}]}}