{"id":4600,"date":"2017-08-08T14:39:01","date_gmt":"2017-08-08T14:39:01","guid":{"rendered":"http:\/\/www.andacolloconectado.cl\/?p=4600"},"modified":"2017-08-08T14:39:01","modified_gmt":"2017-08-08T14:39:01","slug":"familias-completas-celebraron-el-dia-del-nino-en-el-parque-oasis","status":"publish","type":"post","link":"https:\/\/www.andacolloconectado.cl\/index.php\/familias-completas-celebraron-el-dia-del-nino-en-el-parque-oasis\/","title":{"rendered":"Familias completas  celebraron el D\u00eda del Ni\u00f1o en el Parque Oasis"},"content":{"rendered":"<p>El s\u00e1bado 5 de agosto se celebr\u00f3 el D\u00eda del Ni\u00f1o en el Parque Oasis, fue una jornada marcada por la alegr\u00eda de los m\u00e1s peque\u00f1os de la casa que llegaron a partir de las 11:00 de la ma\u00f1ana para divertirse en los diferentes juegos mec\u00e1nicos instalados.<\/p>\n<p>La actividad es organizada a\u00f1o a a\u00f1o por la Municipalidad de Andacollo y el Sindicato de trabajadores de Compa\u00f1\u00eda Minera Teck, adem\u00e1s de un aporte de la Mesa Ejecutiva por Andacollo (MEPA) a trav\u00e9s de su \u00e1rea de desarrollo social.<\/p>\n<p>El alcalde de la Andacollo, Juan Carlos Alfaro, indic\u00f3 que esta celebraci\u00f3n se viene realizando desde hace 6 a\u00f1os con la ayuda del Sindicato de Trabajadores de Teck y que todos los esfuerzos que se realizan de manera mancomunada es para entregar la mejor fiesta a todos los ni\u00f1os de la comuna.<\/p>\n<p>\u201cEs una tradici\u00f3n en Andacollo que el Municipio lleva adelante esta fiesta del d\u00eda del ni\u00f1o y nosotros tratamos de hacerlo con mucho cari\u00f1o, de la mejor manera que podemos. \u00a0Los funcionarios municipales se esfuerzan al m\u00e1ximo y trabajan arduamente para que a los ni\u00f1os les guste esta actividad\u201d indic\u00f3 la m\u00e1xima autoridad comunal.<\/p>\n<p>La jornada fue todo un \u00e9xito porque cont\u00f3 con una asistencia masiva de familias completas que llegaron para disfrutar de las entretenciones como el tagad\u00e1, , toboganes inflables, camas saltarinas, barco pirata, stands para pintar y entrega de dulces para todos los ni\u00f1os que asistieron.<\/p>\n<p>En la tarde se realiz\u00f3 de un show tem\u00e1tico de piratas, quienes animaron a los peque\u00f1os y realizaron variados concursos, en lo musical se present\u00f3 la Banda Piratas del Ritmo que hicieron bailar a cada uno de los asistentes.<\/p>\n<p>Finalmente, el presidente del Sindicato de Trabajadores de Teck, Manuel Gonz\u00e1lez se manifest\u00f3 muy satisfecho porque una vez m\u00e1s se logr\u00f3 \u201cla \u00fanica finalidad que es ver una sonrisa en los ni\u00f1os\u201d ,y que esperan seguir colaborando para realizar por muchos a\u00f1os m\u00e1s esta entretenida actividad , adem\u00e1s agradece el aporte de todas las personas que est\u00e1n detr\u00e1s como organizadores.<\/p>\n","protected":false},"excerpt":{"rendered":"<p>El s\u00e1bado 5 de agosto se celebr\u00f3 el D\u00eda del Ni\u00f1o en el Parque Oasis, fue una jornada marcada por la alegr\u00eda de los m\u00e1s peque\u00f1os de la casa que llegaron a partir de las 11:00 de la ma\u00f1ana para divertirse en los diferentes juegos mec\u00e1nicos instalados. La actividad es organizada a\u00f1o a a\u00f1o por [&hellip;]<\/p>\n","protected":false},"author":5,"featured_media":0,"comment_status":"open","ping_status":"open","sticky":false,"template":"","format":"standard","meta":{"_acf_changed":false,"footnotes":""},"categories":[4569],"tags":[1128,926],"acf":[],"aioseo_notices":[],"_links":{"self":[{"href":"https:\/\/www.andacolloconectado.cl\/index.php\/wp-json\/wp\/v2\/posts\/4600"}],"collection":[{"href":"https:\/\/www.andacolloconectado.cl\/index.php\/wp-json\/wp\/v2\/posts"}],"about":[{"href":"https:\/\/www.andacolloconectado.cl\/index.php\/wp-json\/wp\/v2\/types\/post"}],"author":[{"embeddable":true,"href":"https:\/\/www.andacolloconectado.cl\/index.php\/wp-json\/wp\/v2\/users\/5"}],"replies":[{"embeddable":true,"href":"https:\/\/www.andacolloconectado.cl\/index.php\/wp-json\/wp\/v2\/comments?post=4600"}],"version-history":[{"count":2,"href":"https:\/\/www.andacolloconectado.cl\/index.php\/wp-json\/wp\/v2\/posts\/4600\/revisions"}],"predecessor-version":[{"id":4603,"href":"https:\/\/www.andacolloconectado.cl\/index.php\/wp-json\/wp\/v2\/posts\/4600\/revisions\/4603"}],"wp:attachment":[{"href":"https:\/\/www.andacolloconectado.cl\/index.php\/wp-json\/wp\/v2\/media?parent=4600"}],"wp:term":[{"taxonomy":"category","embeddable":true,"href":"https:\/\/www.andacolloconectado.cl\/index.php\/wp-json\/wp\/v2\/categories?post=4600"},{"taxonomy":"post_tag","embeddable":true,"href":"https:\/\/www.andacolloconectado.cl\/index.php\/wp-json\/wp\/v2\/tags?post=4600"}],"curies":[{"name":"wp","href":"https:\/\/api.w.org\/{rel}","templated":true}]}}