{"id":4604,"date":"2017-08-08T19:08:37","date_gmt":"2017-08-08T19:08:37","guid":{"rendered":"http:\/\/www.andacolloconectado.cl\/?p=4604"},"modified":"2017-08-08T19:09:42","modified_gmt":"2017-08-08T19:09:42","slug":"se-inicia-la-semana-de-celebracion-de-los-dirigentes-comunales","status":"publish","type":"post","link":"https:\/\/www.andacolloconectado.cl\/index.php\/se-inicia-la-semana-de-celebracion-de-los-dirigentes-comunales\/","title":{"rendered":"Se inicia la semana de celebraci\u00f3n de los dirigentes  comunales"},"content":{"rendered":"<p>El 7 de agosto es el D\u00eda Nacional del Dirigente Social y Comunitario, que fue instaurado en 1998 para reconocer el esfuerzo que realizan hombres y mujeres, al dedicar parte importante de sus d\u00edas a trabajar en pos del bienestar de su comunidad, muchas veces sacrificando tiempo con su entorno familiar.<\/p>\n<p>Ayer, en el marco de esta importante fecha se realiz\u00f3 en el sal\u00f3n municipal Padre Alberto Hurtado la ceremonia oficial del D\u00eda del Dirigente que cont\u00f3 con la participaci\u00f3n de Sandra Su\u00e1rez, alcaldesa subrogante, Concejales de la comuna y los diversos directivos que encabezan las organizaciones sociales de nuestra comuna como Centros de Madres, Juntas de Vecinos, Club de Adulto Mayor, Club Deportivos, etc.<\/p>\n<p>Para Sandra Su\u00e1rez, es muy importante destacar la labor que realizan los dirigentes locales , por el apoyo constante que prestan a la administraci\u00f3n municipal para el progreso de Andacollo. \u201cTambi\u00e9n hay que resaltar que los dirigentes en nuestra comuna son muy colaboradores, est\u00e1n muy bien posicionados en las actividades que ese desarrollan tanto as\u00ed que este a\u00f1o reactivamos nuestro Consejo de Organizaciones de la Sociedad Civil en la comuna de Andacollo donde participan dirigentes de organizaciones comunitarias\u201d, concluy\u00f3 la autoridad subrogante.<\/p>\n<p>A su vez, el concejal Eduardo Mu\u00f1oz manifest\u00f3 que el trabajo que realizan los dirigentes sociales es un aporte al progreso de la comuna, porque ellos son quienes luchan por llevar hacia sus sectores diferentes obras de mejoramiento, ellos son quienes conocen de cerca a los vecinos y sus necesidades. <\/p>\n<p>Adem\u00e1s indic\u00f3 que \u201cfelicito a todos los dirigentes de la comuna tanto de sector urbano como rural para que sigan pujando para que esta comuna sea m\u00e1s prospera\u201d.<\/p>\n<p>Durante toda esta semana continuar\u00e1n desarroll\u00e1ndose diversos panoramas organizados por el municipio local para celebrar y compartir con todos los dirigentes andacollinos, que incluyen las siguientes actividades:<\/p>\n<p>&#8211;<strong> Martes 8 de agosto:<\/strong>\u00a0A las 15:30 hrs. Actividades Jocosas en el Gimnasio Municipal.<\/p>\n<p><strong>-Mi\u00e9rcoles 9 de agosto: <\/strong>\u00a0A\u00a0las 15: 30 horas. Gran Mateada Musical en la Plaza Videla.<br \/>\nCampeonato de Baby F\u00fatbol a las 19:00 horas, en el Gimnasio Municipal.<\/p>\n<p>&#8211;<strong>Jueves 10 de agosto:<\/strong>\u00a0 A las 19:00 horas. Campeonato de Rayuela y Domino en el Club Deportivo Palestino, de El Curque.<\/p>\n<p><strong>-Viernes 11 de agosto:<\/strong> \u00a0A las 20:30 horas. Cena y Coronaci\u00f3n de la Reina D\u00eda del Dirigente Vecinal y Comunitario en el Centro Cultural.<\/p>\n","protected":false},"excerpt":{"rendered":"<p>El 7 de agosto es el D\u00eda Nacional del Dirigente Social y Comunitario, que fue instaurado en 1998 para reconocer el esfuerzo que realizan hombres y mujeres, al dedicar parte importante de sus d\u00edas a trabajar en pos del bienestar de su comunidad, muchas veces sacrificando tiempo con su entorno familiar. Ayer, en el marco [&hellip;]<\/p>\n","protected":false},"author":5,"featured_media":0,"comment_status":"open","ping_status":"open","sticky":false,"template":"","format":"standard","meta":{"_acf_changed":false,"footnotes":""},"categories":[4569],"tags":[1135,1134],"acf":[],"aioseo_notices":[],"_links":{"self":[{"href":"https:\/\/www.andacolloconectado.cl\/index.php\/wp-json\/wp\/v2\/posts\/4604"}],"collection":[{"href":"https:\/\/www.andacolloconectado.cl\/index.php\/wp-json\/wp\/v2\/posts"}],"about":[{"href":"https:\/\/www.andacolloconectado.cl\/index.php\/wp-json\/wp\/v2\/types\/post"}],"author":[{"embeddable":true,"href":"https:\/\/www.andacolloconectado.cl\/index.php\/wp-json\/wp\/v2\/users\/5"}],"replies":[{"embeddable":true,"href":"https:\/\/www.andacolloconectado.cl\/index.php\/wp-json\/wp\/v2\/comments?post=4604"}],"version-history":[{"count":3,"href":"https:\/\/www.andacolloconectado.cl\/index.php\/wp-json\/wp\/v2\/posts\/4604\/revisions"}],"predecessor-version":[{"id":4608,"href":"https:\/\/www.andacolloconectado.cl\/index.php\/wp-json\/wp\/v2\/posts\/4604\/revisions\/4608"}],"wp:attachment":[{"href":"https:\/\/www.andacolloconectado.cl\/index.php\/wp-json\/wp\/v2\/media?parent=4604"}],"wp:term":[{"taxonomy":"category","embeddable":true,"href":"https:\/\/www.andacolloconectado.cl\/index.php\/wp-json\/wp\/v2\/categories?post=4604"},{"taxonomy":"post_tag","embeddable":true,"href":"https:\/\/www.andacolloconectado.cl\/index.php\/wp-json\/wp\/v2\/tags?post=4604"}],"curies":[{"name":"wp","href":"https:\/\/api.w.org\/{rel}","templated":true}]}}