{"id":4611,"date":"2017-08-11T18:54:49","date_gmt":"2017-08-11T18:54:49","guid":{"rendered":"http:\/\/www.andacolloconectado.cl\/?p=4611"},"modified":"2017-08-11T18:57:28","modified_gmt":"2017-08-11T18:57:28","slug":"conociendo-un-poco-mas-a-la-presidenta-de-la-union-comunal-de-juntas-de-vecinos","status":"publish","type":"post","link":"https:\/\/www.andacolloconectado.cl\/index.php\/conociendo-un-poco-mas-a-la-presidenta-de-la-union-comunal-de-juntas-de-vecinos\/","title":{"rendered":"Conociendo un poco m\u00e1s a la Presidenta de la Uni\u00f3n Comunal de Juntas de Vecinos"},"content":{"rendered":"<p>La se\u00f1ora Ver\u00f3nica Collao Rojas, es una destacada dirigente social de nuestra ciudad que lleva 7 a\u00f1os trabajando en la Uni\u00f3n Comunal de Juntas de Vecinos, actualmente ocupa el cargo de Presidenta de dicha organizaci\u00f3n.<\/p>\n<p>Esta andacollina casada, madre de 4 hijos varones y abuela de 2 nietos, nos comenta que su trayectoria al servicio comunitario parti\u00f3 como integrante de la Junta de Vecinos del sector Mackenna en donde se desempe\u00f1\u00f3 como secretaria, tesorera y que ahora encabeza como su Presidenta.<\/p>\n<p>De su labor a lo largo de estos a\u00f1os nos comenta que \u201ces una experiencia \u00fanica , yo antes de ser dirigente era una simple due\u00f1a de casa dedicada solo al cuidado de mi familia. Despu\u00e9s empec\u00e9 a ser dirigente en mi sector, me fue gustando y es algo que me apasiona. Me involucro mucho en los diferentes temas, lo que m\u00e1s me gusta es apoyar a la gente que lo necesita\u201d.<\/p>\n<p>Tambi\u00e9n destaca la retribuci\u00f3n en agradecimientos que recibe de los vecinos que valoran su entrega desinteresada, y eso la anima a continuar porque \u201cmientras yo pueda siempre voy a estar ayudando, cooperando, participando porque ahora yo lo llevo en mi sangre. Adem\u00e1s el resto de mi familia tambi\u00e9n me apoya y participa en las diferentes actividades cooperando para diferentes causas\u201d, explica Ver\u00f3nica Collao.<\/p>\n<p>Por su experiencia, anima a m\u00e1s mujeres andacollinas a integrarse al quehacer social, pues aunque a veces se pasa por momentos cr\u00edticos, porque hay que decidir muchas veces entre la vida personal y la responsabilidad, es una situaci\u00f3n compleja, pero no imposible y con el apoyo de los m\u00e1s cercanos se puede salir adelante.<\/p>\n<p>Uno de los tantos proyectos que ha sacado adelante para nuestra comuna es el tema del reciclaje, a trav\u00e9s de la realizaci\u00f3n de la Campa\u00f1a de Recolecci\u00f3n de desechos durante las Fiestas Religiosas de octubre y diciembre.<\/p>\n<p>De ah\u00ed surgi\u00f3 la idea de utilizar dichos contenedores durante el resto del a\u00f1o en los diferentes sectores de la comuna. Adem\u00e1s con la adjudicaci\u00f3n de un Fondo de Protecci\u00f3n Ambiental se pudieron adquirir m\u00e1s unidades almacenadoras de material reutilizable, y prontamente se capacitar\u00e1 a los vecinos para reciclar de una manera correcta.<\/p>\n","protected":false},"excerpt":{"rendered":"<p>La se\u00f1ora Ver\u00f3nica Collao Rojas, es una destacada dirigente social de nuestra ciudad que lleva 7 a\u00f1os trabajando en la Uni\u00f3n Comunal de Juntas de Vecinos, actualmente ocupa el cargo de Presidenta de dicha organizaci\u00f3n. Esta andacollina casada, madre de 4 hijos varones y abuela de 2 nietos, nos comenta que su trayectoria al servicio [&hellip;]<\/p>\n","protected":false},"author":5,"featured_media":0,"comment_status":"open","ping_status":"open","sticky":false,"template":"","format":"standard","meta":{"_acf_changed":false,"footnotes":""},"categories":[4569],"tags":[278,1136],"acf":[],"aioseo_notices":[],"_links":{"self":[{"href":"https:\/\/www.andacolloconectado.cl\/index.php\/wp-json\/wp\/v2\/posts\/4611"}],"collection":[{"href":"https:\/\/www.andacolloconectado.cl\/index.php\/wp-json\/wp\/v2\/posts"}],"about":[{"href":"https:\/\/www.andacolloconectado.cl\/index.php\/wp-json\/wp\/v2\/types\/post"}],"author":[{"embeddable":true,"href":"https:\/\/www.andacolloconectado.cl\/index.php\/wp-json\/wp\/v2\/users\/5"}],"replies":[{"embeddable":true,"href":"https:\/\/www.andacolloconectado.cl\/index.php\/wp-json\/wp\/v2\/comments?post=4611"}],"version-history":[{"count":2,"href":"https:\/\/www.andacolloconectado.cl\/index.php\/wp-json\/wp\/v2\/posts\/4611\/revisions"}],"predecessor-version":[{"id":4614,"href":"https:\/\/www.andacolloconectado.cl\/index.php\/wp-json\/wp\/v2\/posts\/4611\/revisions\/4614"}],"wp:attachment":[{"href":"https:\/\/www.andacolloconectado.cl\/index.php\/wp-json\/wp\/v2\/media?parent=4611"}],"wp:term":[{"taxonomy":"category","embeddable":true,"href":"https:\/\/www.andacolloconectado.cl\/index.php\/wp-json\/wp\/v2\/categories?post=4611"},{"taxonomy":"post_tag","embeddable":true,"href":"https:\/\/www.andacolloconectado.cl\/index.php\/wp-json\/wp\/v2\/tags?post=4611"}],"curies":[{"name":"wp","href":"https:\/\/api.w.org\/{rel}","templated":true}]}}