{"id":4619,"date":"2017-08-11T19:17:54","date_gmt":"2017-08-11T19:17:54","guid":{"rendered":"http:\/\/www.andacolloconectado.cl\/?p=4619"},"modified":"2017-08-11T19:17:54","modified_gmt":"2017-08-11T19:17:54","slug":"se-realiza-misa-de-accion-de-gracias-por-el-dia-del-minero-en-la-basilica","status":"publish","type":"post","link":"https:\/\/www.andacolloconectado.cl\/index.php\/se-realiza-misa-de-accion-de-gracias-por-el-dia-del-minero-en-la-basilica\/","title":{"rendered":"Se realiza Misa de Acci\u00f3n de Gracias por el D\u00eda del Minero en la Bas\u00edlica"},"content":{"rendered":"<p>En la Bas\u00edlica de nuestra comuna, se realiz\u00f3 hoy jueves 10 de agosto una Santa Eucarist\u00eda para conmemorar el \u201cD\u00eda del Minero\u201d festividad dedicada al Patrono Protector de los mineros y mineras.<\/p>\n<p>La actividad organizada por Teck CDA cont\u00f3 con la participaci\u00f3n de diversos ejecutivos, encabezados por su Gerente Manuel Novoa, representantes de los trabajadores que se desempe\u00f1an en los diferentes estamentos de la Compa\u00f1\u00eda y empresas colaboradoras que prestan diferentes servicios a la faena.<\/p>\n<p>En la ocasi\u00f3n el Padre Eduardo Huerta Past\u00e9n , en su homil\u00eda se refiri\u00f3 a los siglos de historia de Andacollo, en los que la miner\u00eda y religiosidad han sido los pilares del desarrollo de nuestra comuna, e hizo un llamado a trabajar con responsabilidad para el bien de todos los habitantes.<\/p>\n<p>\u201cMe parece muy bien que Teck haya unido a toda su gente en un momento de oraci\u00f3n, para dar gracias al Se\u00f1or por la familia, y por estar trabajando en esta comuna Mariana que es una fuente de bendici\u00f3n para todos\u201d.<\/p>\n<p>Por su parte Manuel Novoa destac\u00f3 que est\u00e1n \u201cfelices de dar gracias a Dios por nuestro trabajo, por el de todos los mineros y de todos nuestro pirquineros que est\u00e1n relacionados con la actividad minera en nuestra comuna de Andacollo.<\/p>\n<p>Muy contento porque es primera vez que hacemos una actividad como \u00e9sta y sin duda, queremos repetirla los pr\u00f3ximo a\u00f1os, nosotros nos sentimos parte de la comunidad, queremos integrarnos y ayudar para que pueda seguir desarroll\u00e1ndose\u201d, concluy\u00f3 el ejecutivo.<\/p>\n<p>Asimismo , Dilan Valenzuela, trabajador de Teck y asistente a la ceremonia expres\u00f3 que \u201cme parece muy bien que se relacione la religiosidad de nuestra comuna con el trabajo propio de la miner\u00eda en tan importante fecha como es la Fiesta de San Lorenzo y conmemorar y rescatar esta fecha, para reflexionar sobre nuestro trabajo d\u00eda a d\u00eda y lo que podemos aportar a la comuna\u201d.<\/p>\n<p>La ceremonia tuvo su broche de oro con la intervenci\u00f3n de la soprano andacollina, Camila Gallardo quien encant\u00f3 a todos con su maravillosa voz. Finalmente, Guillermo Castillo, Concejal de la comuna, expres\u00f3 que \u201cen buena hora que se haga un alto en las diferentes faenas para dar gracias a Dios por el trabajo la vida y la prosperidad.<\/p>\n<p>Un gran saludo a todos trabajadores de la miner\u00eda andacollina a los de ayer, a los de hoy y los que est\u00e1n sembrando el futuro\u201d, concluy\u00f3 la autoridad comunal.<\/p>\n<p align=\"justify\">\n","protected":false},"excerpt":{"rendered":"<p>En la Bas\u00edlica de nuestra comuna, se realiz\u00f3 hoy jueves 10 de agosto una Santa Eucarist\u00eda para conmemorar el \u201cD\u00eda del Minero\u201d festividad dedicada al Patrono Protector de los mineros y mineras. La actividad organizada por Teck CDA cont\u00f3 con la participaci\u00f3n de diversos ejecutivos, encabezados por su Gerente Manuel Novoa, representantes de los trabajadores [&hellip;]<\/p>\n","protected":false},"author":5,"featured_media":0,"comment_status":"open","ping_status":"open","sticky":false,"template":"","format":"standard","meta":{"_acf_changed":false,"footnotes":""},"categories":[4569],"tags":[1140,1139],"acf":[],"aioseo_notices":[],"_links":{"self":[{"href":"https:\/\/www.andacolloconectado.cl\/index.php\/wp-json\/wp\/v2\/posts\/4619"}],"collection":[{"href":"https:\/\/www.andacolloconectado.cl\/index.php\/wp-json\/wp\/v2\/posts"}],"about":[{"href":"https:\/\/www.andacolloconectado.cl\/index.php\/wp-json\/wp\/v2\/types\/post"}],"author":[{"embeddable":true,"href":"https:\/\/www.andacolloconectado.cl\/index.php\/wp-json\/wp\/v2\/users\/5"}],"replies":[{"embeddable":true,"href":"https:\/\/www.andacolloconectado.cl\/index.php\/wp-json\/wp\/v2\/comments?post=4619"}],"version-history":[{"count":1,"href":"https:\/\/www.andacolloconectado.cl\/index.php\/wp-json\/wp\/v2\/posts\/4619\/revisions"}],"predecessor-version":[{"id":4621,"href":"https:\/\/www.andacolloconectado.cl\/index.php\/wp-json\/wp\/v2\/posts\/4619\/revisions\/4621"}],"wp:attachment":[{"href":"https:\/\/www.andacolloconectado.cl\/index.php\/wp-json\/wp\/v2\/media?parent=4619"}],"wp:term":[{"taxonomy":"category","embeddable":true,"href":"https:\/\/www.andacolloconectado.cl\/index.php\/wp-json\/wp\/v2\/categories?post=4619"},{"taxonomy":"post_tag","embeddable":true,"href":"https:\/\/www.andacolloconectado.cl\/index.php\/wp-json\/wp\/v2\/tags?post=4619"}],"curies":[{"name":"wp","href":"https:\/\/api.w.org\/{rel}","templated":true}]}}