{"id":4623,"date":"2017-08-11T22:23:58","date_gmt":"2017-08-11T22:23:58","guid":{"rendered":"http:\/\/www.andacolloconectado.cl\/?p=4623"},"modified":"2017-08-11T22:23:58","modified_gmt":"2017-08-11T22:23:58","slug":"rosita-palleres-y-su-dirigencia-en-la-mineria","status":"publish","type":"post","link":"https:\/\/www.andacolloconectado.cl\/index.php\/rosita-palleres-y-su-dirigencia-en-la-mineria\/","title":{"rendered":"Rosita Palleres y su dirigencia en la miner\u00eda"},"content":{"rendered":"<p>Rosa Palleres, conocida por todos como la \u201cRosita\u201d comenz\u00f3 su trabajo social en el a\u00f1o 2011, cuando se unieron varias personas para dar vida a la \u201cAgrupaci\u00f3n Andacollo Fuerza y Esperanza\u201d de la cual es presidenta.<br \/>\nActualmente, esta organizaci\u00f3n cuenta con 20 puntos de faenas mineras encabezadas por sus socios en el sector Las Loas, pero considerando que trabajan junto a sus familias hay un estimativo de 60 personas a quienes representa la se\u00f1ora Rosita, y por quienes lucha d\u00eda a d\u00eda.<\/p>\n<p>Una buena noticia que acaban de recibir es que pr\u00f3ximamente, van a firmar una nueva renovaci\u00f3n de contratos de arriendo para los a\u00f1os 2018- 2019, adem\u00e1s de incorporar otros puntos de trabajo para la agrupaci\u00f3n. Por eso agradece la uni\u00f3n de las voluntades privadas y p\u00fablicas que hacen posible que su gente o \u201csus ni\u00f1os\u201d como los llama puedan seguir en \u201cLas Loas\u201d luchando d\u00eda a d\u00eda por el sustento para sus familias.<\/p>\n<p>De sus a\u00f1os de dirigencia nos comenta que en un principio le cost\u00f3 entrar al \u00e1rea minera que es predominada por hombres \u201cquiero mucho a mis ni\u00f1os, como los llamo, desde el m\u00e1s antiguo al m\u00e1s reciente, los estimo mucho a cada uno de ellos y los conozco.<\/p>\n<p>De repente he tenido l\u00e1grimas no es f\u00e1cil entrar cuando hay un machismo dentro de la organizaci\u00f3n, pero me aprendieron a querer, a valorar y lo veo en el apoyo que tengo de ellos. Me han hecho crecer como persona y he aprendido que esto de la miner\u00eda es un conjunto de cosas, en la parte humana, en la naturaleza, en la parte productiva. Son tantas cosas, son tantas almas que uno empieza a querer y as\u00ed se unen en una cadena y se fortalece en beneficio de ellos\u201d, concluy\u00f3 Rosita.<\/p>\n<p>En paralelo a su rol de dirigente de \u201cAndacollo, Fuerza y Esperanza\u201d la se\u00f1ora Rosa trabaja en la mina con su esposo, \u00e9l es quien ense\u00f1\u00f3 a dar sus primeros pasos en el rubro y aprender de metales. Este oficio los ha unido y fortalecido como matrimonio y su esp\u00edritu de superaci\u00f3n la ha llevado a aprovechar cada oportunidad de capacitaci\u00f3n en diferentes aspectos del sector minero.<\/p>\n<p>Finalmente, reflexiona que \u201cestar ac\u00e1 palmo a palmo con la naturaleza, es algo que no se olvida, por eso entiendo a los mineros cuando trabajan en el fondo oscuro de la mina, cuando se nos llenan las minas de agua y sufrimos por ello.<\/p>\n<p>Entonces son tantas cosas y experiencias que uno no se las saca de la mente tan f\u00e1cilmente\u201d. Sin duda, estas instancias vividas en primera persona son las que le han permitido tener la cercan\u00eda acogedora con los mineros y cada una de sus familias, impregnando con ese sello su dirigencia a trav\u00e9s de los a\u00f1os.<\/p>\n","protected":false},"excerpt":{"rendered":"<p>Rosa Palleres, conocida por todos como la \u201cRosita\u201d comenz\u00f3 su trabajo social en el a\u00f1o 2011, cuando se unieron varias personas para dar vida a la \u201cAgrupaci\u00f3n Andacollo Fuerza y Esperanza\u201d de la cual es presidenta. Actualmente, esta organizaci\u00f3n cuenta con 20 puntos de faenas mineras encabezadas por sus socios en el sector Las Loas, [&hellip;]<\/p>\n","protected":false},"author":5,"featured_media":0,"comment_status":"open","ping_status":"open","sticky":false,"template":"","format":"standard","meta":{"_acf_changed":false,"footnotes":""},"categories":[4569],"tags":[124],"acf":[],"aioseo_notices":[],"_links":{"self":[{"href":"https:\/\/www.andacolloconectado.cl\/index.php\/wp-json\/wp\/v2\/posts\/4623"}],"collection":[{"href":"https:\/\/www.andacolloconectado.cl\/index.php\/wp-json\/wp\/v2\/posts"}],"about":[{"href":"https:\/\/www.andacolloconectado.cl\/index.php\/wp-json\/wp\/v2\/types\/post"}],"author":[{"embeddable":true,"href":"https:\/\/www.andacolloconectado.cl\/index.php\/wp-json\/wp\/v2\/users\/5"}],"replies":[{"embeddable":true,"href":"https:\/\/www.andacolloconectado.cl\/index.php\/wp-json\/wp\/v2\/comments?post=4623"}],"version-history":[{"count":1,"href":"https:\/\/www.andacolloconectado.cl\/index.php\/wp-json\/wp\/v2\/posts\/4623\/revisions"}],"predecessor-version":[{"id":4625,"href":"https:\/\/www.andacolloconectado.cl\/index.php\/wp-json\/wp\/v2\/posts\/4623\/revisions\/4625"}],"wp:attachment":[{"href":"https:\/\/www.andacolloconectado.cl\/index.php\/wp-json\/wp\/v2\/media?parent=4623"}],"wp:term":[{"taxonomy":"category","embeddable":true,"href":"https:\/\/www.andacolloconectado.cl\/index.php\/wp-json\/wp\/v2\/categories?post=4623"},{"taxonomy":"post_tag","embeddable":true,"href":"https:\/\/www.andacolloconectado.cl\/index.php\/wp-json\/wp\/v2\/tags?post=4623"}],"curies":[{"name":"wp","href":"https:\/\/api.w.org\/{rel}","templated":true}]}}