{"id":4629,"date":"2017-08-14T13:07:24","date_gmt":"2017-08-14T13:07:24","guid":{"rendered":"http:\/\/www.andacolloconectado.cl\/?p=4629"},"modified":"2017-08-14T13:07:24","modified_gmt":"2017-08-14T13:07:24","slug":"se-realiza-muestra-de-mujer-minera-y-artesana-de-andacollo","status":"publish","type":"post","link":"https:\/\/www.andacolloconectado.cl\/index.php\/se-realiza-muestra-de-mujer-minera-y-artesana-de-andacollo\/","title":{"rendered":"Se realiza muestra de Mujer Minera y  Artesana de Andacollo"},"content":{"rendered":"<p>En el marco del D\u00eda del Minero, el Municipio de nuestra comuna a trav\u00e9s de sus oficinas de Desarrollo Econ\u00f3mico Local, Turismo y Mujer realiz\u00f3 la Muestra de la Mujer minera y artesana, en las dependencias de la Casa del Encuentro Ciudadano.<\/p>\n<p>La actividad fue encabezada por el Alcalde, Juan Carlos Alfaro, los Concejales Javier Cifuentes, Eduardo Mu\u00f1oz y Guillermo Castillo, adem\u00e1s del encargado de la Oficina comunal de Miner\u00eda Hern\u00e1n Mar\u00edn, y los representantes de Compa\u00f1\u00eda Teck y Dayton, Karen Ram\u00edrez y Roberto Camargo, respectivamente.<\/p>\n<p>En la ocasi\u00f3n se reconoci\u00f3 la labor que desarrollan las mujeres andacollinas ligadas al \u00e1mbito de la miner\u00eda local a trav\u00e9s de la artesan\u00eda y como mineras en las propias faenas.<\/p>\n<p>Para Solange Mondaca, encargada de Turismo \u201cesta muestra es para rescatar parte del trabajo que realizan las artesanas, las mineras y las emprendedores de la comuna de Andacollo.<\/p>\n<p>Se trabaj\u00f3 con las artesanas porque muchas de sus piezas est\u00e1n inspiradas en las herramientas o labores que realizan los mineros y pirquineros, as\u00ed que es importante exponer lo que d\u00eda a d\u00eda hacen estas mujeres por la comuna\u201d, indic\u00f3 la funcionaria municipal.<\/p>\n<p>Una de las asistentes en la actividad fue la se\u00f1ora Luc\u00eda Jorquera quien particip\u00f3, porque est\u00e1 ligada a la miner\u00eda por su marido e hijos a quienes acompa\u00f1a en sus faenas.<\/p>\n<p>Nos comenta que el acercamiento al rubro se dio porque \u201ceste trabajo es muy lindo, pero tiene sus altos y bajos, porque cada vez que salen de la casa uno est\u00e1 preocupada y eso me llev\u00f3 a m\u00ed andar con ellos para acompa\u00f1arlos, porque siempre est\u00e1 el temor que les pase algo, as\u00ed que andar con ellos me dio tranquilidad y me sirvi\u00f3 para aprender tantas cosa bonitas\u201d.<\/p>\n<p>Otra de las mujeres que recibi\u00f3 un reconocimiento fue la artesana de piedra andacollita la se\u00f1ora Nora D\u00edaz, quien para elaborar sus adornos y joyas acude junto a su marido a extraer desde los cerros las piedras que usan en su emprendimiento.<\/p>\n","protected":false},"excerpt":{"rendered":"<p>En el marco del D\u00eda del Minero, el Municipio de nuestra comuna a trav\u00e9s de sus oficinas de Desarrollo Econ\u00f3mico Local, Turismo y Mujer realiz\u00f3 la Muestra de la Mujer minera y artesana, en las dependencias de la Casa del Encuentro Ciudadano. La actividad fue encabezada por el Alcalde, Juan Carlos Alfaro, los Concejales Javier [&hellip;]<\/p>\n","protected":false},"author":5,"featured_media":0,"comment_status":"open","ping_status":"open","sticky":false,"template":"","format":"standard","meta":{"_acf_changed":false,"footnotes":""},"categories":[4569],"tags":[926,1141],"acf":[],"aioseo_notices":[],"_links":{"self":[{"href":"https:\/\/www.andacolloconectado.cl\/index.php\/wp-json\/wp\/v2\/posts\/4629"}],"collection":[{"href":"https:\/\/www.andacolloconectado.cl\/index.php\/wp-json\/wp\/v2\/posts"}],"about":[{"href":"https:\/\/www.andacolloconectado.cl\/index.php\/wp-json\/wp\/v2\/types\/post"}],"author":[{"embeddable":true,"href":"https:\/\/www.andacolloconectado.cl\/index.php\/wp-json\/wp\/v2\/users\/5"}],"replies":[{"embeddable":true,"href":"https:\/\/www.andacolloconectado.cl\/index.php\/wp-json\/wp\/v2\/comments?post=4629"}],"version-history":[{"count":1,"href":"https:\/\/www.andacolloconectado.cl\/index.php\/wp-json\/wp\/v2\/posts\/4629\/revisions"}],"predecessor-version":[{"id":4631,"href":"https:\/\/www.andacolloconectado.cl\/index.php\/wp-json\/wp\/v2\/posts\/4629\/revisions\/4631"}],"wp:attachment":[{"href":"https:\/\/www.andacolloconectado.cl\/index.php\/wp-json\/wp\/v2\/media?parent=4629"}],"wp:term":[{"taxonomy":"category","embeddable":true,"href":"https:\/\/www.andacolloconectado.cl\/index.php\/wp-json\/wp\/v2\/categories?post=4629"},{"taxonomy":"post_tag","embeddable":true,"href":"https:\/\/www.andacolloconectado.cl\/index.php\/wp-json\/wp\/v2\/tags?post=4629"}],"curies":[{"name":"wp","href":"https:\/\/api.w.org\/{rel}","templated":true}]}}