{"id":4633,"date":"2017-08-14T13:23:30","date_gmt":"2017-08-14T13:23:30","guid":{"rendered":"http:\/\/www.andacolloconectado.cl\/?p=4633"},"modified":"2017-08-14T13:32:27","modified_gmt":"2017-08-14T13:32:27","slug":"mineros-celebran-a-san-lorenzo-en-el-manzano","status":"publish","type":"post","link":"https:\/\/www.andacolloconectado.cl\/index.php\/mineros-celebran-a-san-lorenzo-en-el-manzano\/","title":{"rendered":"Mineros celebran a San Lorenzo  en \u201cEl Manzano\u201d"},"content":{"rendered":"<p>Ayer domingo 13 de agosto, desde temprano comenzaron a llegar hasta la localidad de \u201cEl Manzano\u201d peregrinos, mineros y Bailes Religiosos, para acompa\u00f1ar a San Lorenzo, Patrono de los mineros y de los di\u00e1conos, en su Festividad.<\/p>\n<p>Durante el d\u00eda se hicieron varias celebraciones partiendo en la ma\u00f1ana por la Misa de bienvenida los devotos que a esa hora comenzaron a llegar masivamente al poblado. Al mediod\u00eda se realiz\u00f3 la Eucarist\u00eda de los mineros para agradecer y pedir nuevamente la protecci\u00f3n del Santo Patrono en cada una sus faenas.<\/p>\n<p>Por la tarde se efectu\u00f3 la Misa Principal a las 16 horas, presidida por el Vicario Pastoral de la Arquidi\u00f3cesis de La Serena, Padre Alex Pizarro, quien se\u00f1al\u00f3 que \u201cha sido un momento para dar gracias, de signo de salvaci\u00f3n, pero tambi\u00e9n nos motiva a seguir trabajando en el anuncio de la buen noticia, para que nuestro pueblo se vaya reconociendo como Mariano. Como un pueblo que pone su ser en el Santo Patrono San Lorenzo, pero sin olvidar que Dios nos da el amor para seguir adelante\u201d.<\/p>\n<p>Posteriormente, la Sagrada Imagen recorri\u00f3 las calles de El Manzano en procesi\u00f3n acompa\u00f1ado por los Bailes y los peregrinos. Por primera vez participa en su calidad de Cacique, don Jaime Guerrero para quien esta Fiesta fue muy significativa porque es para dar gracias a San Lorenzo por la protecci\u00f3n que brinda a todos los mineros, especialmente a los de Andacollo.<\/p>\n<p>Un aspecto importante de la Festividad de este a\u00f1o fue la \u201cCampa\u00f1a de prevenci\u00f3n de consumo de alcohol\u201d que result\u00f3 muy positiva y ten\u00eda como finalidad evitar la conducci\u00f3n de veh\u00edculos bajo la influencia del alcohol. Esta iniciativa fue impulsada por diversas organizaciones locales como la Municipalidad de Andacollo, Carabineros, Hospital, Compa\u00f1\u00eda Teck CDA y diversas empresas contratistas de la comuna<\/p>\n","protected":false},"excerpt":{"rendered":"<p>Ayer domingo 13 de agosto, desde temprano comenzaron a llegar hasta la localidad de \u201cEl Manzano\u201d peregrinos, mineros y Bailes Religiosos, para acompa\u00f1ar a San Lorenzo, Patrono de los mineros y de los di\u00e1conos, en su Festividad. Durante el d\u00eda se hicieron varias celebraciones partiendo en la ma\u00f1ana por la Misa de bienvenida los devotos [&hellip;]<\/p>\n","protected":false},"author":5,"featured_media":0,"comment_status":"open","ping_status":"open","sticky":false,"template":"","format":"standard","meta":{"_acf_changed":false,"footnotes":""},"categories":[4569],"tags":[1142,1140,541],"acf":[],"aioseo_notices":[],"_links":{"self":[{"href":"https:\/\/www.andacolloconectado.cl\/index.php\/wp-json\/wp\/v2\/posts\/4633"}],"collection":[{"href":"https:\/\/www.andacolloconectado.cl\/index.php\/wp-json\/wp\/v2\/posts"}],"about":[{"href":"https:\/\/www.andacolloconectado.cl\/index.php\/wp-json\/wp\/v2\/types\/post"}],"author":[{"embeddable":true,"href":"https:\/\/www.andacolloconectado.cl\/index.php\/wp-json\/wp\/v2\/users\/5"}],"replies":[{"embeddable":true,"href":"https:\/\/www.andacolloconectado.cl\/index.php\/wp-json\/wp\/v2\/comments?post=4633"}],"version-history":[{"count":2,"href":"https:\/\/www.andacolloconectado.cl\/index.php\/wp-json\/wp\/v2\/posts\/4633\/revisions"}],"predecessor-version":[{"id":4636,"href":"https:\/\/www.andacolloconectado.cl\/index.php\/wp-json\/wp\/v2\/posts\/4633\/revisions\/4636"}],"wp:attachment":[{"href":"https:\/\/www.andacolloconectado.cl\/index.php\/wp-json\/wp\/v2\/media?parent=4633"}],"wp:term":[{"taxonomy":"category","embeddable":true,"href":"https:\/\/www.andacolloconectado.cl\/index.php\/wp-json\/wp\/v2\/categories?post=4633"},{"taxonomy":"post_tag","embeddable":true,"href":"https:\/\/www.andacolloconectado.cl\/index.php\/wp-json\/wp\/v2\/tags?post=4633"}],"curies":[{"name":"wp","href":"https:\/\/api.w.org\/{rel}","templated":true}]}}