{"id":4644,"date":"2017-08-14T19:19:36","date_gmt":"2017-08-14T19:19:36","guid":{"rendered":"http:\/\/www.andacolloconectado.cl\/?p=4644"},"modified":"2017-08-14T19:19:36","modified_gmt":"2017-08-14T19:19:36","slug":"mirsa-quintana-y-su-labor-por-los-adultos-mayores-de-andacollo","status":"publish","type":"post","link":"https:\/\/www.andacolloconectado.cl\/index.php\/mirsa-quintana-y-su-labor-por-los-adultos-mayores-de-andacollo\/","title":{"rendered":"Mirsa Quintana y su labor por los  Adultos  Mayores de Andacollo"},"content":{"rendered":"<p>La actual presidenta de la Uni\u00f3n Comunal de Adultos Mayores (UCAM) es la se\u00f1ora Mirsa Quintana , quien ya lleva un a\u00f1o al mando de esta importante agrupaci\u00f3n social andacollina y que aglutina a los 22 clubes que existen en nuestra comuna.<\/p>\n<p>Participa en las diversas instancias y reuniones con las organizaciones p\u00fablicas y privadas, como Municipio y Mesa Ejecutiva por Andacollo para trabajar por los proyectos de mejoramiento que necesitan para su sede social y para lograr diferentes beneficios para sus socios.<\/p>\n<p>Actualmente, iniciaron el proceso de regularizaci\u00f3n de propiedad del terreno donde se encuentra ubicada la sede para poder contar con luz y agua potable. De sus logros destaca la ampliaci\u00f3n y reparaci\u00f3n de dicha infraestructura, en donde se realiza la reuni\u00f3n mensual de representantes de cada uno de los Clubes andacollinos.<\/p>\n<p>La se\u00f1ora Mirsa nos se\u00f1ala que para ella \u201cser dirigente significa entregar lo que uno pueda a la comunidad tratar de hacer lo posible de ayudarlos y a m\u00ed me gusta participar\u201d. Ahora est\u00e1 al frente de la UCAM, pero su trayectoria se inici\u00f3 en en los Centros de Padres de la Escuela Luis Cruz Mart\u00ednez y del Liceo Pedro Regalado Videla, por lo que toda su vida ha estado ligado al quehacer organizacional.<\/p>\n<p>Ella participa como socia del Club Villa Los Aromos de la Poblaci\u00f3n 25 de octubre, donde trabajan hombres y mujeres en diversas en manualidades que les ayudan a mantenerse activos y motivados, \u201cporque eso es lo que tenemos que hacer ocupar nuestra mente y compartir entre nosotros, porque en la casa lo \u00fanico que vamos a conseguir es estar enfermos\u201d reflexiona la se\u00f1ora Mirsa.<\/p>\n","protected":false},"excerpt":{"rendered":"<p>La actual presidenta de la Uni\u00f3n Comunal de Adultos Mayores (UCAM) es la se\u00f1ora Mirsa Quintana , quien ya lleva un a\u00f1o al mando de esta importante agrupaci\u00f3n social andacollina y que aglutina a los 22 clubes que existen en nuestra comuna. Participa en las diversas instancias y reuniones con las organizaciones p\u00fablicas y privadas, [&hellip;]<\/p>\n","protected":false},"author":5,"featured_media":0,"comment_status":"open","ping_status":"open","sticky":false,"template":"","format":"standard","meta":{"_acf_changed":false,"footnotes":""},"categories":[4569],"tags":[1144],"acf":[],"aioseo_notices":[],"_links":{"self":[{"href":"https:\/\/www.andacolloconectado.cl\/index.php\/wp-json\/wp\/v2\/posts\/4644"}],"collection":[{"href":"https:\/\/www.andacolloconectado.cl\/index.php\/wp-json\/wp\/v2\/posts"}],"about":[{"href":"https:\/\/www.andacolloconectado.cl\/index.php\/wp-json\/wp\/v2\/types\/post"}],"author":[{"embeddable":true,"href":"https:\/\/www.andacolloconectado.cl\/index.php\/wp-json\/wp\/v2\/users\/5"}],"replies":[{"embeddable":true,"href":"https:\/\/www.andacolloconectado.cl\/index.php\/wp-json\/wp\/v2\/comments?post=4644"}],"version-history":[{"count":1,"href":"https:\/\/www.andacolloconectado.cl\/index.php\/wp-json\/wp\/v2\/posts\/4644\/revisions"}],"predecessor-version":[{"id":4646,"href":"https:\/\/www.andacolloconectado.cl\/index.php\/wp-json\/wp\/v2\/posts\/4644\/revisions\/4646"}],"wp:attachment":[{"href":"https:\/\/www.andacolloconectado.cl\/index.php\/wp-json\/wp\/v2\/media?parent=4644"}],"wp:term":[{"taxonomy":"category","embeddable":true,"href":"https:\/\/www.andacolloconectado.cl\/index.php\/wp-json\/wp\/v2\/categories?post=4644"},{"taxonomy":"post_tag","embeddable":true,"href":"https:\/\/www.andacolloconectado.cl\/index.php\/wp-json\/wp\/v2\/tags?post=4644"}],"curies":[{"name":"wp","href":"https:\/\/api.w.org\/{rel}","templated":true}]}}