{"id":4657,"date":"2017-08-17T17:32:17","date_gmt":"2017-08-17T17:32:17","guid":{"rendered":"http:\/\/www.andacolloconectado.cl\/?p=4657"},"modified":"2017-08-17T17:33:26","modified_gmt":"2017-08-17T17:33:26","slug":"el-rol-del-concejo-consultivo-de-salud-en-nuestra-comuna","status":"publish","type":"post","link":"https:\/\/www.andacolloconectado.cl\/index.php\/el-rol-del-concejo-consultivo-de-salud-en-nuestra-comuna\/","title":{"rendered":"El  rol del Concejo Consultivo de  Salud en nuestra comuna"},"content":{"rendered":"<p>El Concejo de Consultivo de Salud de nuestra comuna fue formado en el a\u00f1o 1995 y tiene por finalidad agilizar las atenciones m\u00e9dicas. Est\u00e1 integrado por representantes de diferentes organizaciones andacollinas como juntas de vecinos, centro de madres, club de adultos mayores , adem\u00e1s de los representantes del Hospital encabezados por su director, asistentes sociales y funcionarios.<\/p>\n<p>Su presidenta es Isabel Ardiles, una andacollina que ha dedicado gran parte de su vida al rol de dirigente a trav\u00e9s de las Juntas de Vecinos y la Uni\u00f3n Comunal, adem\u00e1s tambi\u00e9n en el \u00e1mbito religioso ha sido Jefa de los Bailes andacollinos.<\/p>\n<p>Destaca que el mayor logro que consiguieron como organizaci\u00f3n es mantener el centro de salud Jos\u00e9 Luis Arra\u00f1o en su categor\u00eda de Hospital, pues comenta que m\u00e1s de una vez han querido transformarlo en Consultorio.<\/p>\n<p>Pero, se hizo un llamado a todas las agrupaciones comunitarias de Andacollo y con el apoyo de todos se pudo mantener sobre todo las \u00e1reas de parto y hospitalizaci\u00f3n que para la dirigente implican 3 problemas para los pacientes en caso de tener que concurrir a La Serena o Coquimbo \u201c primero, conseguir el cupo para atenderse, segundo conseguir la cama y tres el problema para que los familiares viajen a visitar y atender a sus enfermos\u201d, explica la se\u00f1ora Isabel.<\/p>\n<p>Otras de las tareas del Concejo Consultivo es su participaci\u00f3n en la Mesa Ejecutiva por Andacollo (MEPA), espec\u00edficamente en la Mesa de Salud instancia donde se presentan las necesidades que surgen en el Hospital para atender mejor a los usuarios, y all\u00ed se priorizan para darle una soluci\u00f3n a trav\u00e9s de los montos asignados a esta \u00e1rea.<\/p>\n<p>Tambi\u00e9n, dentro de sus funciones est\u00e1 la ayuda social que prestan a varios pacientes que necesitan ex\u00e1menes con alg\u00fan especialista m\u00e9dico, tratamiento y traslado a otros recintos de salud del pa\u00eds.<\/p>\n<p>Finalmente, Isabel Ardiles nos comenta que se siente muy realizada como dirigente de la salud porque \u201ces un rol bien importante, porque uno tiene que estar atenta, para ver las necesidades que hay en la comuna y la lucha del dirigente es buscar como solucionar esos problemas\u201d.<\/p>\n","protected":false},"excerpt":{"rendered":"<p>El Concejo de Consultivo de Salud de nuestra comuna fue formado en el a\u00f1o 1995 y tiene por finalidad agilizar las atenciones m\u00e9dicas. Est\u00e1 integrado por representantes de diferentes organizaciones andacollinas como juntas de vecinos, centro de madres, club de adultos mayores , adem\u00e1s de los representantes del Hospital encabezados por su director, asistentes sociales [&hellip;]<\/p>\n","protected":false},"author":5,"featured_media":0,"comment_status":"open","ping_status":"open","sticky":false,"template":"","format":"standard","meta":{"_acf_changed":false,"footnotes":""},"categories":[4569],"tags":[1147],"acf":[],"aioseo_notices":[],"_links":{"self":[{"href":"https:\/\/www.andacolloconectado.cl\/index.php\/wp-json\/wp\/v2\/posts\/4657"}],"collection":[{"href":"https:\/\/www.andacolloconectado.cl\/index.php\/wp-json\/wp\/v2\/posts"}],"about":[{"href":"https:\/\/www.andacolloconectado.cl\/index.php\/wp-json\/wp\/v2\/types\/post"}],"author":[{"embeddable":true,"href":"https:\/\/www.andacolloconectado.cl\/index.php\/wp-json\/wp\/v2\/users\/5"}],"replies":[{"embeddable":true,"href":"https:\/\/www.andacolloconectado.cl\/index.php\/wp-json\/wp\/v2\/comments?post=4657"}],"version-history":[{"count":1,"href":"https:\/\/www.andacolloconectado.cl\/index.php\/wp-json\/wp\/v2\/posts\/4657\/revisions"}],"predecessor-version":[{"id":4659,"href":"https:\/\/www.andacolloconectado.cl\/index.php\/wp-json\/wp\/v2\/posts\/4657\/revisions\/4659"}],"wp:attachment":[{"href":"https:\/\/www.andacolloconectado.cl\/index.php\/wp-json\/wp\/v2\/media?parent=4657"}],"wp:term":[{"taxonomy":"category","embeddable":true,"href":"https:\/\/www.andacolloconectado.cl\/index.php\/wp-json\/wp\/v2\/categories?post=4657"},{"taxonomy":"post_tag","embeddable":true,"href":"https:\/\/www.andacolloconectado.cl\/index.php\/wp-json\/wp\/v2\/tags?post=4657"}],"curies":[{"name":"wp","href":"https:\/\/api.w.org\/{rel}","templated":true}]}}