{"id":4660,"date":"2017-08-17T19:13:39","date_gmt":"2017-08-17T19:13:39","guid":{"rendered":"http:\/\/www.andacolloconectado.cl\/?p=4660"},"modified":"2017-08-17T19:13:39","modified_gmt":"2017-08-17T19:13:39","slug":"senda-impulsa-campana-preventiva-tomemos-conciencia-durante-la-fiesta-religiosa-de-el-manzano","status":"publish","type":"post","link":"https:\/\/www.andacolloconectado.cl\/index.php\/senda-impulsa-campana-preventiva-tomemos-conciencia-durante-la-fiesta-religiosa-de-el-manzano\/","title":{"rendered":"SENDA impulsa campa\u00f1a preventiva \u201cTomemos conciencia\u201d durante la  Fiesta Religiosa de El Manzano"},"content":{"rendered":"<p>Desde hace una semana los profesionales de la Oficina comunal SENDA Previene Andacollo comenzaron con la difusi\u00f3n del Programa \u201cTomemos Conciencia\u201d para prevenir los accidentes de tr\u00e1nsito ocasionados por la ingesta indebida de alcohol, adportas de las diferentes festividades que se avecinan a partir del mes de septiembre.<\/p>\n<p>La iniciativa, que cont\u00f3 tambi\u00e9n con el apoyo de la Municipalidad de Andacollo, Carabineros, Hospital, Asociaci\u00f3n de Contratistas, C\u00e1mara de Comercio y Teck CDA, busc\u00f3 entregar informaci\u00f3n a conductores, peatones y ciclistas en relaci\u00f3n a los riesgos que genera el consumo excesivo y abusivo de esta sustancia.<\/p>\n<p>\u201cNos concentramos en lugares de alta afluencia de p\u00fablico, estuvimos en algunas empresas, con la gente del comercio y en la feria libre de la comuna desde el d\u00eda jueves entregando informaci\u00f3n a todos los vecinos\u201d, coment\u00f3 Mauricio Segovia, coordinador de SENDA Previene.<\/p>\n<p>Las acciones principales de la campa\u00f1a se realizaron el d\u00eda domingo 13 de agosto, en la localidad de El Manzano, en el marco de la Fiesta Patronal de San Lorenzo, lugar hasta donde llegaron m\u00e1s 3 mil personas.<\/p>\n<p>Por la ma\u00f1ana, Carabineros de la Tenencia de Andacollo efect\u00fao controles preventivos y entregaron volantes con recomendaciones a los automovilistas. Al mediod\u00eda, el equipo SENDA y trabajadores de las empresas contratistas de la comuna difundieron la iniciativa a peatones, conductores y ciclistas que acud\u00edan a la fiesta religiosa, adem\u00e1s de realizar alcotests preventivos a las familias que acampaban en el sector.<\/p>\n<p>La jornada finaliz\u00f3 con un operativo que cont\u00f3 con la presencia de la ambulancia del Programa Tomemos Conciencia, la que permite la realizaci\u00f3n de alcoholemias en el mismo lugar del control policial, sacando de circulaci\u00f3n a quienes infringen la ley manejando en estado de ebriedad o bajo los efectos del alcohol.<\/p>\n","protected":false},"excerpt":{"rendered":"<p>Desde hace una semana los profesionales de la Oficina comunal SENDA Previene Andacollo comenzaron con la difusi\u00f3n del Programa \u201cTomemos Conciencia\u201d para prevenir los accidentes de tr\u00e1nsito ocasionados por la ingesta indebida de alcohol, adportas de las diferentes festividades que se avecinan a partir del mes de septiembre. La iniciativa, que cont\u00f3 tambi\u00e9n con el [&hellip;]<\/p>\n","protected":false},"author":5,"featured_media":0,"comment_status":"open","ping_status":"open","sticky":false,"template":"","format":"standard","meta":{"_acf_changed":false,"footnotes":""},"categories":[4569],"tags":[48,905,1148],"acf":[],"aioseo_notices":[],"_links":{"self":[{"href":"https:\/\/www.andacolloconectado.cl\/index.php\/wp-json\/wp\/v2\/posts\/4660"}],"collection":[{"href":"https:\/\/www.andacolloconectado.cl\/index.php\/wp-json\/wp\/v2\/posts"}],"about":[{"href":"https:\/\/www.andacolloconectado.cl\/index.php\/wp-json\/wp\/v2\/types\/post"}],"author":[{"embeddable":true,"href":"https:\/\/www.andacolloconectado.cl\/index.php\/wp-json\/wp\/v2\/users\/5"}],"replies":[{"embeddable":true,"href":"https:\/\/www.andacolloconectado.cl\/index.php\/wp-json\/wp\/v2\/comments?post=4660"}],"version-history":[{"count":1,"href":"https:\/\/www.andacolloconectado.cl\/index.php\/wp-json\/wp\/v2\/posts\/4660\/revisions"}],"predecessor-version":[{"id":4662,"href":"https:\/\/www.andacolloconectado.cl\/index.php\/wp-json\/wp\/v2\/posts\/4660\/revisions\/4662"}],"wp:attachment":[{"href":"https:\/\/www.andacolloconectado.cl\/index.php\/wp-json\/wp\/v2\/media?parent=4660"}],"wp:term":[{"taxonomy":"category","embeddable":true,"href":"https:\/\/www.andacolloconectado.cl\/index.php\/wp-json\/wp\/v2\/categories?post=4660"},{"taxonomy":"post_tag","embeddable":true,"href":"https:\/\/www.andacolloconectado.cl\/index.php\/wp-json\/wp\/v2\/tags?post=4660"}],"curies":[{"name":"wp","href":"https:\/\/api.w.org\/{rel}","templated":true}]}}