{"id":4672,"date":"2017-08-18T19:43:05","date_gmt":"2017-08-18T19:43:05","guid":{"rendered":"http:\/\/www.andacolloconectado.cl\/?p=4672"},"modified":"2017-08-18T20:32:58","modified_gmt":"2017-08-18T20:32:58","slug":"hospital-andacollino-promueve-el-mes-del-corazon-con-distintas-actividades","status":"publish","type":"post","link":"https:\/\/www.andacolloconectado.cl\/index.php\/hospital-andacollino-promueve-el-mes-del-corazon-con-distintas-actividades\/","title":{"rendered":"Hospital andacollino promueve el Mes del Coraz\u00f3n con distintas actividades"},"content":{"rendered":"<p><span style=\"font-weight: 400;\">En el marco de la \u00a0campa\u00f1a \u201cMes del \u00a0Coraz\u00f3n\u201d impulsada por el \u00a0Ministerio de \u00a0Salud, en nuestra \u00a0comuna \u00a0el Hospital Jos\u00e9 Luis \u00a0Arra\u00f1o est\u00e1 realizando una \u00a0serie de \u00a0actividades preventivas \u00a0para \u00a0promover \u00a0y \u00a0evitar las enfermedades cardiovasculares que son la principal causa de mortalidad a nivel \u00a0nacional.<\/span><\/p>\n<p><span style=\"font-weight: 400;\">El doctor \u00a0Diego \u00a0Tapia Argando\u00f1a, nos se\u00f1ala que para cuidar \u00a0el \u00a0coraz\u00f3n \u201chay cosas simples y \u00a0b\u00e1sicas que \u00a0corresponde a los estilos de \u00a0vida \u00a0saludable, entre esos destacamos no \u00a0fumar, evitar el consumo de \u00a0grasas en exceso, evitar el consumo de \u00a0carbohidratos de \u00a0absorci\u00f3n r\u00e1pida como \u00a0pan, \u00a0fideos y \u00a0masa en exceso. Adem\u00e1s de \u00a0\u00a0consumir \u00a02 litros de agua al \u00a0d\u00eda, aproximadamente\u201d.<\/span><\/p>\n<p><span style=\"font-weight: 400;\">Otro detalle es la prevenci\u00f3n que \u00a0puede hacerse a trav\u00e9s de Examen M\u00e9dico Preventivo de Adultos (EMPA) que se realiza \u00a0todos los d\u00edas en el Hospital de Andacollo, \u00a0de lunes a viernes. Con el cual \u00a0se detectan precozmente alguna alteraci\u00f3n \u00a0como diabetes, colesterol e \u00a0hipertensi\u00f3n que podr\u00eda llevar a una patolog\u00eda \u00a0cardiovascular a largo plazo.<\/span><\/p>\n<p><span style=\"font-weight: 400;\">Hay \u00a0que destacar que el 10 de \u00a0agosto se realiz\u00f3 \u00a0una Feria \u00a0Saludable \u00a0en la Plaza Nolasco \u00a0Videla para concientizar a las persona adultas sobre \u00a0su \u00a0autocuidado \u00a0y \u00a0para que los \u00a0escolares desde peque\u00f1os adquieran h\u00e1bitos alimenticios \u00a0saludables junto a la pr\u00e1ctica \u00a0regular de alg\u00fan deporte.<\/span><\/p>\n<p><span style=\"font-weight: 400;\">Finalmente, hay \u00a0que se\u00f1alar que los principales s\u00edntomas de un ataque al coraz\u00f3n son: dolor o sensaci\u00f3n de peso en el pecho, dolor en el pecho que se extiende a uno o ambos brazos y dolor en el pecho que se extiende al cuello o mand\u00edbula. Frente a la sospecha de presentar estos s\u00edntomas hay \u00a0que concurrir de inmediato al Servicio de Urgencia m\u00e1s cercano.<\/span><\/p>\n","protected":false},"excerpt":{"rendered":"<p>En el marco de la \u00a0campa\u00f1a \u201cMes del \u00a0Coraz\u00f3n\u201d impulsada por el \u00a0Ministerio de \u00a0Salud, en nuestra \u00a0comuna \u00a0el Hospital Jos\u00e9 Luis \u00a0Arra\u00f1o est\u00e1 realizando una \u00a0serie de \u00a0actividades preventivas \u00a0para \u00a0promover \u00a0y \u00a0evitar las enfermedades cardiovasculares que son la principal causa de mortalidad a nivel \u00a0nacional. El doctor \u00a0Diego \u00a0Tapia Argando\u00f1a, nos se\u00f1ala que [&hellip;]<\/p>\n","protected":false},"author":5,"featured_media":0,"comment_status":"open","ping_status":"open","sticky":false,"template":"","format":"standard","meta":{"_acf_changed":false,"footnotes":""},"categories":[4569],"tags":[1031],"acf":[],"aioseo_notices":[],"_links":{"self":[{"href":"https:\/\/www.andacolloconectado.cl\/index.php\/wp-json\/wp\/v2\/posts\/4672"}],"collection":[{"href":"https:\/\/www.andacolloconectado.cl\/index.php\/wp-json\/wp\/v2\/posts"}],"about":[{"href":"https:\/\/www.andacolloconectado.cl\/index.php\/wp-json\/wp\/v2\/types\/post"}],"author":[{"embeddable":true,"href":"https:\/\/www.andacolloconectado.cl\/index.php\/wp-json\/wp\/v2\/users\/5"}],"replies":[{"embeddable":true,"href":"https:\/\/www.andacolloconectado.cl\/index.php\/wp-json\/wp\/v2\/comments?post=4672"}],"version-history":[{"count":3,"href":"https:\/\/www.andacolloconectado.cl\/index.php\/wp-json\/wp\/v2\/posts\/4672\/revisions"}],"predecessor-version":[{"id":4676,"href":"https:\/\/www.andacolloconectado.cl\/index.php\/wp-json\/wp\/v2\/posts\/4672\/revisions\/4676"}],"wp:attachment":[{"href":"https:\/\/www.andacolloconectado.cl\/index.php\/wp-json\/wp\/v2\/media?parent=4672"}],"wp:term":[{"taxonomy":"category","embeddable":true,"href":"https:\/\/www.andacolloconectado.cl\/index.php\/wp-json\/wp\/v2\/categories?post=4672"},{"taxonomy":"post_tag","embeddable":true,"href":"https:\/\/www.andacolloconectado.cl\/index.php\/wp-json\/wp\/v2\/tags?post=4672"}],"curies":[{"name":"wp","href":"https:\/\/api.w.org\/{rel}","templated":true}]}}