{"id":4685,"date":"2017-08-21T13:01:40","date_gmt":"2017-08-21T13:01:40","guid":{"rendered":"http:\/\/www.andacolloconectado.cl\/?p=4685"},"modified":"2017-08-21T13:01:40","modified_gmt":"2017-08-21T13:01:40","slug":"vecinos-celebran-fiesta-patronal-a-san-lorenzo","status":"publish","type":"post","link":"https:\/\/www.andacolloconectado.cl\/index.php\/vecinos-celebran-fiesta-patronal-a-san-lorenzo\/","title":{"rendered":"Vecinos celebran Fiesta Patronal a San Lorenzo"},"content":{"rendered":"<p>Ayer domingo la Comunidad Cristiana Padre Blas Hern\u00e1ndez celebr\u00f3 la Fiesta Patronal en honor a San Lorenzo con una santa Misa y posterior procesi\u00f3n por las calles del sector, encabezada por el P\u00e1rroco Eduardo Huerta y el Cacique Jaime Guerrero.<\/p>\n<p>El recorrido de la Imagen del protector de los mineros fue acompa\u00f1ado por n\u00fameros vecinos y el Baile Religioso Rosado. Esta festividad de San Lorenzo se realiza desde hace 5 a\u00f1os en esta capilla del sector Matadero, la semana posterior a la fiesta de la localidad de El Manzano.<\/p>\n<p>El padre Huerta se\u00f1al\u00f3 que \u201cesta fiesta de San Lorenzo, di\u00e1cono y m\u00e1rtir tiene para nosotros una especial relevancia, porque lo hemos puesto como patrono de la miner\u00eda.<\/p>\n<p>Ac\u00e1 en Andacollo tenemos bastantes pirquineros que trabajan en la miner\u00eda de una manera artesanal y rudimentaria, pero no exenta de peligros y esfuerzo; de manera que ponemos bajo el patrocinio de San Lorenzo las vidas, las familias y seguridad de todos lo mineros de Andacollo\u201d.<\/p>\n","protected":false},"excerpt":{"rendered":"<p>Ayer domingo la Comunidad Cristiana Padre Blas Hern\u00e1ndez celebr\u00f3 la Fiesta Patronal en honor a San Lorenzo con una santa Misa y posterior procesi\u00f3n por las calles del sector, encabezada por el P\u00e1rroco Eduardo Huerta y el Cacique Jaime Guerrero. El recorrido de la Imagen del protector de los mineros fue acompa\u00f1ado por n\u00fameros vecinos [&hellip;]<\/p>\n","protected":false},"author":5,"featured_media":0,"comment_status":"open","ping_status":"open","sticky":false,"template":"","format":"standard","meta":{"_acf_changed":false,"footnotes":""},"categories":[4569],"tags":[1150],"acf":[],"aioseo_notices":[],"_links":{"self":[{"href":"https:\/\/www.andacolloconectado.cl\/index.php\/wp-json\/wp\/v2\/posts\/4685"}],"collection":[{"href":"https:\/\/www.andacolloconectado.cl\/index.php\/wp-json\/wp\/v2\/posts"}],"about":[{"href":"https:\/\/www.andacolloconectado.cl\/index.php\/wp-json\/wp\/v2\/types\/post"}],"author":[{"embeddable":true,"href":"https:\/\/www.andacolloconectado.cl\/index.php\/wp-json\/wp\/v2\/users\/5"}],"replies":[{"embeddable":true,"href":"https:\/\/www.andacolloconectado.cl\/index.php\/wp-json\/wp\/v2\/comments?post=4685"}],"version-history":[{"count":3,"href":"https:\/\/www.andacolloconectado.cl\/index.php\/wp-json\/wp\/v2\/posts\/4685\/revisions"}],"predecessor-version":[{"id":4689,"href":"https:\/\/www.andacolloconectado.cl\/index.php\/wp-json\/wp\/v2\/posts\/4685\/revisions\/4689"}],"wp:attachment":[{"href":"https:\/\/www.andacolloconectado.cl\/index.php\/wp-json\/wp\/v2\/media?parent=4685"}],"wp:term":[{"taxonomy":"category","embeddable":true,"href":"https:\/\/www.andacolloconectado.cl\/index.php\/wp-json\/wp\/v2\/categories?post=4685"},{"taxonomy":"post_tag","embeddable":true,"href":"https:\/\/www.andacolloconectado.cl\/index.php\/wp-json\/wp\/v2\/tags?post=4685"}],"curies":[{"name":"wp","href":"https:\/\/api.w.org\/{rel}","templated":true}]}}