{"id":4695,"date":"2017-08-22T14:51:01","date_gmt":"2017-08-22T14:51:01","guid":{"rendered":"http:\/\/www.andacolloconectado.cl\/?p=4695"},"modified":"2017-08-22T14:51:01","modified_gmt":"2017-08-22T14:51:01","slug":"departamento-de-cultura-trabaja-para-preservar-las-tradiciones-andacollinas","status":"publish","type":"post","link":"https:\/\/www.andacolloconectado.cl\/index.php\/departamento-de-cultura-trabaja-para-preservar-las-tradiciones-andacollinas\/","title":{"rendered":"Departamento de Cultura trabaja para preservar las tradiciones andacollinas"},"content":{"rendered":"<p>El Departamento de Cultura del Municipio de Andacollo organiz\u00f3 la Segunda Feria Minera, para rescatar el patrimonio intangible de nuestra comuna realizado por los mineros pirquineros. Dicha exposici\u00f3n fue montada en frontis de la Casa del Encuentro Ciudadano y cont\u00f3 con la participaci\u00f3n de artesanos y los cantantes Javier Carmona y Nicol\u00e1s Sierra.<\/p>\n<p>Felipe Vicencio, encargado de la oficina municipal de Cultura, destaca que este a\u00f1o 2017 como departamento han querido iniciar un trabajo para rescatar la actividad minera que es parte de nuestra identidad ancestral y que ha sido tan importante a trav\u00e9s de los siglos tanto en Andacollo como en el pa\u00eds.<\/p>\n<p>Para ello, han estado realizando varias actividades en los colegios como una manera de preservar y difundir la tradici\u00f3n minera de Andacollo, especialmente en los ni\u00f1os. \u201cComo unidad sabemos que es un trabajo a largo plazo muy importante porque nos va a permitir perdurar en el tiempo. Nuestro objetivo principal es el rescate patrimonial de la cultura andacollina\u201d, explic\u00f3 Felipe Vicencio.<\/p>\n<p>Tambi\u00e9n es importante destacar que su pol\u00edtica de trabajo es de puertas abiertas, pues se ha querido involucrar a toda la comunidad de un manera activa y existe la disposici\u00f3n de apoyar y ejecutar inquietudes planteadas por los propios vecinos, como sucedi\u00f3 con la organizaci\u00f3n del A\u00f1o Nuevo Ind\u00edgena.<\/p>\n<p>\u201cLa gente de las organizaciones de pueblos originarios de la comuna plantearon la idea, naci\u00f3 de ellos realizar esta instancia y nosotros la recogimos. Comenzamos a trabajar en esta celebraci\u00f3n por primera vez en la comuna y sali\u00f3 muy bonito porque lleg\u00f3 mucha gente\u201d, concluy\u00f3 el encargado comunal de Cultura.<\/p>\n<p>Finalmente, hay que se\u00f1alar que ahora el Departamento de Cultura est\u00e1 trabajando en la organizaci\u00f3n del Primer Encuentro de Gestores Culturales de la Regi\u00f3n que se realizar\u00e1 en nuestra comuna los d\u00edas 26 y 27 de agosto, y que reunir\u00e1 alrededor de 50 personas provenientes de todas las ciudades de la cuarta regi\u00f3n.<\/p>\n","protected":false},"excerpt":{"rendered":"<p>El Departamento de Cultura del Municipio de Andacollo organiz\u00f3 la Segunda Feria Minera, para rescatar el patrimonio intangible de nuestra comuna realizado por los mineros pirquineros. Dicha exposici\u00f3n fue montada en frontis de la Casa del Encuentro Ciudadano y cont\u00f3 con la participaci\u00f3n de artesanos y los cantantes Javier Carmona y Nicol\u00e1s Sierra. Felipe Vicencio, [&hellip;]<\/p>\n","protected":false},"author":5,"featured_media":0,"comment_status":"open","ping_status":"open","sticky":false,"template":"","format":"standard","meta":{"_acf_changed":false,"footnotes":""},"categories":[4569],"tags":[1152],"acf":[],"aioseo_notices":[],"_links":{"self":[{"href":"https:\/\/www.andacolloconectado.cl\/index.php\/wp-json\/wp\/v2\/posts\/4695"}],"collection":[{"href":"https:\/\/www.andacolloconectado.cl\/index.php\/wp-json\/wp\/v2\/posts"}],"about":[{"href":"https:\/\/www.andacolloconectado.cl\/index.php\/wp-json\/wp\/v2\/types\/post"}],"author":[{"embeddable":true,"href":"https:\/\/www.andacolloconectado.cl\/index.php\/wp-json\/wp\/v2\/users\/5"}],"replies":[{"embeddable":true,"href":"https:\/\/www.andacolloconectado.cl\/index.php\/wp-json\/wp\/v2\/comments?post=4695"}],"version-history":[{"count":1,"href":"https:\/\/www.andacolloconectado.cl\/index.php\/wp-json\/wp\/v2\/posts\/4695\/revisions"}],"predecessor-version":[{"id":4697,"href":"https:\/\/www.andacolloconectado.cl\/index.php\/wp-json\/wp\/v2\/posts\/4695\/revisions\/4697"}],"wp:attachment":[{"href":"https:\/\/www.andacolloconectado.cl\/index.php\/wp-json\/wp\/v2\/media?parent=4695"}],"wp:term":[{"taxonomy":"category","embeddable":true,"href":"https:\/\/www.andacolloconectado.cl\/index.php\/wp-json\/wp\/v2\/categories?post=4695"},{"taxonomy":"post_tag","embeddable":true,"href":"https:\/\/www.andacolloconectado.cl\/index.php\/wp-json\/wp\/v2\/tags?post=4695"}],"curies":[{"name":"wp","href":"https:\/\/api.w.org\/{rel}","templated":true}]}}