{"id":4698,"date":"2017-08-22T19:15:54","date_gmt":"2017-08-22T19:15:54","guid":{"rendered":"http:\/\/www.andacolloconectado.cl\/?p=4698"},"modified":"2017-08-22T19:15:54","modified_gmt":"2017-08-22T19:15:54","slug":"artesania-minera-hecha-en-base-al-reciclaje-de-fierros","status":"publish","type":"post","link":"https:\/\/www.andacolloconectado.cl\/index.php\/artesania-minera-hecha-en-base-al-reciclaje-de-fierros\/","title":{"rendered":"Artesan\u00eda minera hecha en base al reciclaje de fierros"},"content":{"rendered":"<p>Uno de los expositores en la Segunda Feria Minera realizada el pasado domingo en nuestra comuna fue don Mario Rivera, quien elabora piezas artesanales en base al reciclaje de diferentes restos de fierros.<\/p>\n<p>Este artesano autodidacta comenz\u00f3 en el a\u00f1o 2004 a realizar obras inspiradas en los mineros de Andacollo. Cada pieza es \u00fanica porque \u00e9l va uniendo y creando en base a los materiales que va obteniendo.<\/p>\n<p>Lo m\u00e1s destacable de su oficio es que sus creaciones retratan el trabajo del minero en sus distintas facetas, como la molienda del mineral en el trapiche o el lavado del oro. Adem\u00e1s, cada uno de sus personajes est\u00e1 representado con las indumentarias t\u00edpicas de un pirquinero como es la l\u00e1mpara, el casco o el capacho.<\/p>\n<p>Sus piezas las exhibe en diferentes ferias cuando lo invitan y tambi\u00e9n en su domicilio para los interesados en adquirirlas. Su tel\u00e9fono de contacto es el 512431356.<\/p>\n","protected":false},"excerpt":{"rendered":"<p>Uno de los expositores en la Segunda Feria Minera realizada el pasado domingo en nuestra comuna fue don Mario Rivera, quien elabora piezas artesanales en base al reciclaje de diferentes restos de fierros. Este artesano autodidacta comenz\u00f3 en el a\u00f1o 2004 a realizar obras inspiradas en los mineros de Andacollo. Cada pieza es \u00fanica porque [&hellip;]<\/p>\n","protected":false},"author":5,"featured_media":0,"comment_status":"open","ping_status":"open","sticky":false,"template":"","format":"standard","meta":{"_acf_changed":false,"footnotes":""},"categories":[4569],"tags":[798,1153],"acf":[],"aioseo_notices":[],"_links":{"self":[{"href":"https:\/\/www.andacolloconectado.cl\/index.php\/wp-json\/wp\/v2\/posts\/4698"}],"collection":[{"href":"https:\/\/www.andacolloconectado.cl\/index.php\/wp-json\/wp\/v2\/posts"}],"about":[{"href":"https:\/\/www.andacolloconectado.cl\/index.php\/wp-json\/wp\/v2\/types\/post"}],"author":[{"embeddable":true,"href":"https:\/\/www.andacolloconectado.cl\/index.php\/wp-json\/wp\/v2\/users\/5"}],"replies":[{"embeddable":true,"href":"https:\/\/www.andacolloconectado.cl\/index.php\/wp-json\/wp\/v2\/comments?post=4698"}],"version-history":[{"count":2,"href":"https:\/\/www.andacolloconectado.cl\/index.php\/wp-json\/wp\/v2\/posts\/4698\/revisions"}],"predecessor-version":[{"id":4701,"href":"https:\/\/www.andacolloconectado.cl\/index.php\/wp-json\/wp\/v2\/posts\/4698\/revisions\/4701"}],"wp:attachment":[{"href":"https:\/\/www.andacolloconectado.cl\/index.php\/wp-json\/wp\/v2\/media?parent=4698"}],"wp:term":[{"taxonomy":"category","embeddable":true,"href":"https:\/\/www.andacolloconectado.cl\/index.php\/wp-json\/wp\/v2\/categories?post=4698"},{"taxonomy":"post_tag","embeddable":true,"href":"https:\/\/www.andacolloconectado.cl\/index.php\/wp-json\/wp\/v2\/tags?post=4698"}],"curies":[{"name":"wp","href":"https:\/\/api.w.org\/{rel}","templated":true}]}}