{"id":4703,"date":"2017-08-23T14:51:58","date_gmt":"2017-08-23T14:51:58","guid":{"rendered":"http:\/\/www.andacolloconectado.cl\/?p=4703"},"modified":"2017-08-23T14:52:39","modified_gmt":"2017-08-23T14:52:39","slug":"senda-dicta-taller-a-padres-y-apoderados-de-la-escuela-patricio-lynch","status":"publish","type":"post","link":"https:\/\/www.andacolloconectado.cl\/index.php\/senda-dicta-taller-a-padres-y-apoderados-de-la-escuela-patricio-lynch\/","title":{"rendered":"Senda dicta taller a padres y apoderados de  la Escuela Patricio Lynch"},"content":{"rendered":"<p align=\"JUSTIFY\"><span style=\"font-family: Arial, serif;\"><span style=\"font-size: medium;\">En las dependencias de la Escuela Patricio Lynch se realiz\u00f3 el Seminario de Parentalidad y Prevenci\u00f3n del Consumo de Alcohol, organizado por el Servicio Nacional para la Prevenci\u00f3n y Rehabilitaci\u00f3n del Consumo de Drogas y Alcohol (SENDA) en colaboraci\u00f3n con la Ilustre Municipalidad de Andacollo<\/span><\/span><\/p>\n<p align=\"JUSTIFY\"><span style=\"font-family: Arial, serif;\"><span style=\"font-size: medium;\">Fernanda Alvarado directora regional de Senda encabez\u00f3 la actividad que estuvo a cargo de la asesora nacional, la neur\u00f3loga Catalina Poblete. A este encuentro asistieron padres y apoderados del establecimiento, quienes recibieron la orientaci\u00f3n acerca de c\u00f3mo enfrentar, abordar y donde acudir si un miembro de la familia inicia un proceso de consumo de drogas. <\/span><\/span><\/p>\n<p align=\"JUSTIFY\"><span style=\"font-family: Arial, serif;\"><span style=\"font-size: medium;\">La directora Regional explica que \u201cla finalidad del taller es fortalecer los factores protectores familiares y comunitarios, y en como enfrentar los procesos familiares cuando alg\u00fan ni\u00f1o, adolescente o miembro de la familia inicia alg\u00fan consumo. Eso es lo que hacemos como servicio orientamos, pero tambi\u00e9n acogemos desde la perspectiva de salud a quien tenga un consumo problem\u00e1tico y pueda ser derivado a alg\u00fan centro de tratamiento que tenemos de la red regional\u201d.<\/span><\/span><\/p>\n<p align=\"JUSTIFY\"><span style=\"font-family: Arial, serif;\"><span style=\"font-size: medium;\">Por otra parte, Fernanda Alvarado aprovech\u00f3 la oportunidad para destacar el trabajo que realiza la unidad municipal de Senda Previene \u201cporque es un equipo que se esfuerza trabaja y comprende las distintas din\u00e1micas que se dan al interior de la comuna, donde se articulan y se comprenden bien cuales son los roles que cada uno ejecuta\u201d.<\/span><\/span><\/p>\n<p align=\"JUSTIFY\"><span style=\"font-family: Arial, serif;\"><span style=\"font-size: medium;\">En nuestra comuna, el equipo de Senda trabaja estrechamente con el apoyo de Compa\u00f1\u00eda Teck CDA en las diferentes campa\u00f1as de prevenci\u00f3n que se han desarrollado. Adem\u00e1s, el encargado comunal, Mauricio Segovia asesora y gu\u00eda los programas preventivos que se realizan al interior de las empresas contratistas, que han entendido la importancia de actuar antes del consumo en beneficio de cada uno de sus trabajadores y familias.<\/span><\/span><\/p>\n","protected":false},"excerpt":{"rendered":"<p>En las dependencias de la Escuela Patricio Lynch se realiz\u00f3 el Seminario de Parentalidad y Prevenci\u00f3n del Consumo de Alcohol, organizado por el Servicio Nacional para la Prevenci\u00f3n y Rehabilitaci\u00f3n del Consumo de Drogas y Alcohol (SENDA) en colaboraci\u00f3n con la Ilustre Municipalidad de Andacollo Fernanda Alvarado directora regional de Senda encabez\u00f3 la actividad que [&hellip;]<\/p>\n","protected":false},"author":3,"featured_media":0,"comment_status":"open","ping_status":"open","sticky":false,"template":"","format":"standard","meta":{"_acf_changed":false,"footnotes":""},"categories":[4569],"tags":[161],"acf":[],"aioseo_notices":[],"_links":{"self":[{"href":"https:\/\/www.andacolloconectado.cl\/index.php\/wp-json\/wp\/v2\/posts\/4703"}],"collection":[{"href":"https:\/\/www.andacolloconectado.cl\/index.php\/wp-json\/wp\/v2\/posts"}],"about":[{"href":"https:\/\/www.andacolloconectado.cl\/index.php\/wp-json\/wp\/v2\/types\/post"}],"author":[{"embeddable":true,"href":"https:\/\/www.andacolloconectado.cl\/index.php\/wp-json\/wp\/v2\/users\/3"}],"replies":[{"embeddable":true,"href":"https:\/\/www.andacolloconectado.cl\/index.php\/wp-json\/wp\/v2\/comments?post=4703"}],"version-history":[{"count":2,"href":"https:\/\/www.andacolloconectado.cl\/index.php\/wp-json\/wp\/v2\/posts\/4703\/revisions"}],"predecessor-version":[{"id":4706,"href":"https:\/\/www.andacolloconectado.cl\/index.php\/wp-json\/wp\/v2\/posts\/4703\/revisions\/4706"}],"wp:attachment":[{"href":"https:\/\/www.andacolloconectado.cl\/index.php\/wp-json\/wp\/v2\/media?parent=4703"}],"wp:term":[{"taxonomy":"category","embeddable":true,"href":"https:\/\/www.andacolloconectado.cl\/index.php\/wp-json\/wp\/v2\/categories?post=4703"},{"taxonomy":"post_tag","embeddable":true,"href":"https:\/\/www.andacolloconectado.cl\/index.php\/wp-json\/wp\/v2\/tags?post=4703"}],"curies":[{"name":"wp","href":"https:\/\/api.w.org\/{rel}","templated":true}]}}