{"id":4708,"date":"2017-08-24T12:31:01","date_gmt":"2017-08-24T12:31:01","guid":{"rendered":"http:\/\/www.andacolloconectado.cl\/?p=4708"},"modified":"2017-08-24T12:31:01","modified_gmt":"2017-08-24T12:31:01","slug":"zonal-de-bailes-religiosos-de-andacollo-tiene-un-nuevo-presidente","status":"publish","type":"post","link":"https:\/\/www.andacolloconectado.cl\/index.php\/zonal-de-bailes-religiosos-de-andacollo-tiene-un-nuevo-presidente\/","title":{"rendered":"Zonal de Bailes Religiosos de Andacollo tiene un nuevo presidente"},"content":{"rendered":"<p>Recientemente, fue elegido un nuevo presidente de la zonal de Bailes Religiosos de Andacollo, compuesto por ocho cofrad\u00edas de chinos y danzantes de la Virgen del Rosario.<\/p>\n<p>Hace dos meses asumi\u00f3 el cargo Manuel Gonz\u00e1lez, quien es adem\u00e1s el Jefe del Baile Danza N\u00b0 13 de Maitencillos y desempe\u00f1ar\u00e1 su labor por tres a\u00f1os.<\/p>\n<p>El nuevo encargado de guiar a los Bailes de Andacollo y a sus integrantes, se\u00f1al\u00f3 que \u201ces un cargo con harta responsabilidad, porque hay que cuidar a los hermanos de cada uno de los ocho Bailes que represento\u201d.<br \/>\nUna de las funciones que ejerce dentro de la Zonal es la coordinaci\u00f3n de cada una de las Fiestas Patronales que se realizan durante todo el a\u00f1o en las distintas comunidades cristianas de la Parroquia de Andacollo.<\/p>\n<p>Para las Fiestas de octubre y diciembre los Bailes de la comuna est\u00e1n a cargo de los traslados de la Imagen de la Chinita desde y hacia el Templo Grande. Actualmente, ya est\u00e1n trabajando en la realizaci\u00f3n de la Fiesta Chica 2017, pues ser\u00e1 el turno de la Zonal Andacollo para coordinar la Procesi\u00f3n del d\u00eda domingo y las presentaciones de los m\u00faltiples Bailes que llegan a cumplir sus mandas.<\/p>\n","protected":false},"excerpt":{"rendered":"<p>Recientemente, fue elegido un nuevo presidente de la zonal de Bailes Religiosos de Andacollo, compuesto por ocho cofrad\u00edas de chinos y danzantes de la Virgen del Rosario. Hace dos meses asumi\u00f3 el cargo Manuel Gonz\u00e1lez, quien es adem\u00e1s el Jefe del Baile Danza N\u00b0 13 de Maitencillos y desempe\u00f1ar\u00e1 su labor por tres a\u00f1os. El [&hellip;]<\/p>\n","protected":false},"author":5,"featured_media":0,"comment_status":"open","ping_status":"open","sticky":false,"template":"","format":"standard","meta":{"_acf_changed":false,"footnotes":""},"categories":[4569],"tags":[322,1154],"acf":[],"aioseo_notices":[],"_links":{"self":[{"href":"https:\/\/www.andacolloconectado.cl\/index.php\/wp-json\/wp\/v2\/posts\/4708"}],"collection":[{"href":"https:\/\/www.andacolloconectado.cl\/index.php\/wp-json\/wp\/v2\/posts"}],"about":[{"href":"https:\/\/www.andacolloconectado.cl\/index.php\/wp-json\/wp\/v2\/types\/post"}],"author":[{"embeddable":true,"href":"https:\/\/www.andacolloconectado.cl\/index.php\/wp-json\/wp\/v2\/users\/5"}],"replies":[{"embeddable":true,"href":"https:\/\/www.andacolloconectado.cl\/index.php\/wp-json\/wp\/v2\/comments?post=4708"}],"version-history":[{"count":1,"href":"https:\/\/www.andacolloconectado.cl\/index.php\/wp-json\/wp\/v2\/posts\/4708\/revisions"}],"predecessor-version":[{"id":4712,"href":"https:\/\/www.andacolloconectado.cl\/index.php\/wp-json\/wp\/v2\/posts\/4708\/revisions\/4712"}],"wp:attachment":[{"href":"https:\/\/www.andacolloconectado.cl\/index.php\/wp-json\/wp\/v2\/media?parent=4708"}],"wp:term":[{"taxonomy":"category","embeddable":true,"href":"https:\/\/www.andacolloconectado.cl\/index.php\/wp-json\/wp\/v2\/categories?post=4708"},{"taxonomy":"post_tag","embeddable":true,"href":"https:\/\/www.andacolloconectado.cl\/index.php\/wp-json\/wp\/v2\/tags?post=4708"}],"curies":[{"name":"wp","href":"https:\/\/api.w.org\/{rel}","templated":true}]}}