{"id":4718,"date":"2017-08-25T18:33:53","date_gmt":"2017-08-25T18:33:53","guid":{"rendered":"http:\/\/www.andacolloconectado.cl\/?p=4718"},"modified":"2017-08-25T18:33:53","modified_gmt":"2017-08-25T18:33:53","slug":"colegio-nta-sra-del-rosario-inicia-celebracion-de-su-decimo-segundo-aniversario","status":"publish","type":"post","link":"https:\/\/www.andacolloconectado.cl\/index.php\/colegio-nta-sra-del-rosario-inicia-celebracion-de-su-decimo-segundo-aniversario\/","title":{"rendered":"Colegio Nta. Sra del  Rosario inicia celebraci\u00f3n de su d\u00e9cimo segundo aniversario"},"content":{"rendered":"<p>La comunidad educativa del Colegio de Nuestra Se\u00f1ora del Rosario est\u00e1 celebrando sus 12 a\u00f1os al servicio de la educaci\u00f3n b\u00e1sica de Andacollo con diversas actividades recreativas, deportivas y sociales.<\/p>\n<p>Este lunes se dio el vamos con las presentaciones de las alianzas que competir\u00e1n por los H\u00e9roes y los Villanos. Ya se han realizado las competencias deportivas de f\u00fatbol y handball, entre los profesores y asistentes de la educaci\u00f3n de las respectivas alianzas.<\/p>\n<p>Tambi\u00e9n el d\u00eda de hoy se hizo una caminata al cerro El Curque, en la cual participaron los ni\u00f1os y sus padres como una manera de compartir m\u00e1s all\u00e1 de las instancias formales de la sala de clases.<\/p>\n<p>Adem\u00e1s, se desarroll\u00f3 una acci\u00f3n ecol\u00f3gica en ese lugar porque se plantaron \u00e1rboles \u201cnos vamos hacer responsables del cuidado no solamente de la actividad de este d\u00eda para tratar de que sea permanente y tambi\u00e9n vamos hacer limpieza en alg\u00fan sector\u201d se\u00f1al\u00f3 el director de la escuela, Francisco Gonz\u00e1lez.<\/p>\n<p>Para la pr\u00f3xima semana se tienen contempladas las actividades jocosas e histri\u00f3nicas, y el acto central con desfile se realizar\u00e1 el jueves 31 de agosto a las 10 hrs en la Plaza Nolasco Videla.<\/p>\n<p>El director se\u00f1ala que la realizaci\u00f3n de este tipo de actividades de aniversario es una motivaci\u00f3n para mostrarse a la comunidad y sentir que los esfuerzos que como colegio hacen en pos de la educaci\u00f3n de sus alumnos tienen su recompensa.<\/p>\n<p>\u201cEstamos tranquilos, no conformes porque podemos hacer m\u00e1s, es un desaf\u00edo diario a partir de las oportunidades que nos dan las dificultades, tenemos un equipo muy afiatado de profesores j\u00f3venes que est\u00e1n dispuestos hacer los cambios y hacia all\u00e1 vamos, porque los resultados nos avalan\u201d, concluy\u00f3 Francisco Gonz\u00e1lez.<\/p>\n","protected":false},"excerpt":{"rendered":"<p>La comunidad educativa del Colegio de Nuestra Se\u00f1ora del Rosario est\u00e1 celebrando sus 12 a\u00f1os al servicio de la educaci\u00f3n b\u00e1sica de Andacollo con diversas actividades recreativas, deportivas y sociales. Este lunes se dio el vamos con las presentaciones de las alianzas que competir\u00e1n por los H\u00e9roes y los Villanos. Ya se han realizado las [&hellip;]<\/p>\n","protected":false},"author":5,"featured_media":0,"comment_status":"open","ping_status":"open","sticky":false,"template":"","format":"standard","meta":{"_acf_changed":false,"footnotes":""},"categories":[4569],"tags":[1156],"acf":[],"aioseo_notices":[],"_links":{"self":[{"href":"https:\/\/www.andacolloconectado.cl\/index.php\/wp-json\/wp\/v2\/posts\/4718"}],"collection":[{"href":"https:\/\/www.andacolloconectado.cl\/index.php\/wp-json\/wp\/v2\/posts"}],"about":[{"href":"https:\/\/www.andacolloconectado.cl\/index.php\/wp-json\/wp\/v2\/types\/post"}],"author":[{"embeddable":true,"href":"https:\/\/www.andacolloconectado.cl\/index.php\/wp-json\/wp\/v2\/users\/5"}],"replies":[{"embeddable":true,"href":"https:\/\/www.andacolloconectado.cl\/index.php\/wp-json\/wp\/v2\/comments?post=4718"}],"version-history":[{"count":2,"href":"https:\/\/www.andacolloconectado.cl\/index.php\/wp-json\/wp\/v2\/posts\/4718\/revisions"}],"predecessor-version":[{"id":4721,"href":"https:\/\/www.andacolloconectado.cl\/index.php\/wp-json\/wp\/v2\/posts\/4718\/revisions\/4721"}],"wp:attachment":[{"href":"https:\/\/www.andacolloconectado.cl\/index.php\/wp-json\/wp\/v2\/media?parent=4718"}],"wp:term":[{"taxonomy":"category","embeddable":true,"href":"https:\/\/www.andacolloconectado.cl\/index.php\/wp-json\/wp\/v2\/categories?post=4718"},{"taxonomy":"post_tag","embeddable":true,"href":"https:\/\/www.andacolloconectado.cl\/index.php\/wp-json\/wp\/v2\/tags?post=4718"}],"curies":[{"name":"wp","href":"https:\/\/api.w.org\/{rel}","templated":true}]}}