{"id":4723,"date":"2017-08-25T18:57:57","date_gmt":"2017-08-25T18:57:57","guid":{"rendered":"http:\/\/www.andacolloconectado.cl\/?p=4723"},"modified":"2017-08-25T18:57:57","modified_gmt":"2017-08-25T18:57:57","slug":"red-de-infancia-organizo-seminario-de-aprendizaje-socio-emocional","status":"publish","type":"post","link":"https:\/\/www.andacolloconectado.cl\/index.php\/red-de-infancia-organizo-seminario-de-aprendizaje-socio-emocional\/","title":{"rendered":"Red de infancia organiz\u00f3 Seminario de Aprendizaje Socio-Emocional"},"content":{"rendered":"<p>En el sal\u00f3n auditorio de la casa del Encuentro Ciudadano se efect\u00fao el \u00abSeminario Aprendizaje Socio-Emocional y Educaci\u00f3n Respetuosa\u00bb organizado por la Red de Infancia de nuestra comuna, instancia conformada por diversas instituciones como Establecimientos Educacionales, Hospital, Programa Chile Crece Contigo, Programa Suyay, Tribunales, Carabineros y la Oficina de Protecci\u00f3n de Derechos Infanto-juveniles(OPD).<\/p>\n<p>La actividad estuvo a cargo del psic\u00f3logo cl\u00ednico Felipe Lecannelier, quien es un experto en apego y en educaci\u00f3n respetuosa. Se cont\u00f3 con la asistencia de profesionales de todos los establecimientos educacionales de la comuna, tanto p\u00fablicos como privados, y que trabajan de manera directa con los ni\u00f1os y los adolescentes.<\/p>\n<p>Jeanette Aulette, encargada de la OPD nos comenta que \u201ces una experiencia s\u00faper buena porque est\u00e1n presentes los educadores de los establecimientos educacionales, lo cual les va a permitir tener otras herramientas para poder trabajar en las tem\u00e1ticas de infancia. Es muy relevante para poder tratarlos en alguna situaci\u00f3n y sobretodo respetar al ni\u00f1o en su conducta, en su forma de ser, no porque tienen pataleta dejarlo fuera de la clase o discriminarlo sino incluirlo\u201d.<\/p>\n<p>Una de las asistentes al Seminario fue la profesora Marianela Olivares, del Colegio Nuestra Se\u00f1ora del Rosario quien manifest\u00f3 que \u201cme pareci\u00f3 una experiencia muy enriquecedora para la labor que realizamos los docentes y educadores. Nos ayuda y nos empuja a aislarnos de las etiquetas y ver a las personas como seres humanos m\u00e1s all\u00e1 de la edad que tengan entonces desde ah\u00ed uno puede educar de manera mucho mas integral\u201d.<\/p>\n","protected":false},"excerpt":{"rendered":"<p>En el sal\u00f3n auditorio de la casa del Encuentro Ciudadano se efect\u00fao el \u00abSeminario Aprendizaje Socio-Emocional y Educaci\u00f3n Respetuosa\u00bb organizado por la Red de Infancia de nuestra comuna, instancia conformada por diversas instituciones como Establecimientos Educacionales, Hospital, Programa Chile Crece Contigo, Programa Suyay, Tribunales, Carabineros y la Oficina de Protecci\u00f3n de Derechos Infanto-juveniles(OPD). La actividad [&hellip;]<\/p>\n","protected":false},"author":5,"featured_media":0,"comment_status":"open","ping_status":"open","sticky":false,"template":"","format":"standard","meta":{"_acf_changed":false,"footnotes":""},"categories":[4569],"tags":[1157],"acf":[],"aioseo_notices":[],"_links":{"self":[{"href":"https:\/\/www.andacolloconectado.cl\/index.php\/wp-json\/wp\/v2\/posts\/4723"}],"collection":[{"href":"https:\/\/www.andacolloconectado.cl\/index.php\/wp-json\/wp\/v2\/posts"}],"about":[{"href":"https:\/\/www.andacolloconectado.cl\/index.php\/wp-json\/wp\/v2\/types\/post"}],"author":[{"embeddable":true,"href":"https:\/\/www.andacolloconectado.cl\/index.php\/wp-json\/wp\/v2\/users\/5"}],"replies":[{"embeddable":true,"href":"https:\/\/www.andacolloconectado.cl\/index.php\/wp-json\/wp\/v2\/comments?post=4723"}],"version-history":[{"count":2,"href":"https:\/\/www.andacolloconectado.cl\/index.php\/wp-json\/wp\/v2\/posts\/4723\/revisions"}],"predecessor-version":[{"id":4726,"href":"https:\/\/www.andacolloconectado.cl\/index.php\/wp-json\/wp\/v2\/posts\/4723\/revisions\/4726"}],"wp:attachment":[{"href":"https:\/\/www.andacolloconectado.cl\/index.php\/wp-json\/wp\/v2\/media?parent=4723"}],"wp:term":[{"taxonomy":"category","embeddable":true,"href":"https:\/\/www.andacolloconectado.cl\/index.php\/wp-json\/wp\/v2\/categories?post=4723"},{"taxonomy":"post_tag","embeddable":true,"href":"https:\/\/www.andacolloconectado.cl\/index.php\/wp-json\/wp\/v2\/tags?post=4723"}],"curies":[{"name":"wp","href":"https:\/\/api.w.org\/{rel}","templated":true}]}}