{"id":4749,"date":"2017-08-30T13:43:06","date_gmt":"2017-08-30T13:43:06","guid":{"rendered":"http:\/\/www.andacolloconectado.cl\/?p=4749"},"modified":"2017-08-30T13:46:12","modified_gmt":"2017-08-30T13:46:12","slug":"escuela-de-maitencillos-mejora-su-educacion-gracias-a-las-herramientas-tecnologicas","status":"publish","type":"post","link":"https:\/\/www.andacolloconectado.cl\/index.php\/escuela-de-maitencillos-mejora-su-educacion-gracias-a-las-herramientas-tecnologicas\/","title":{"rendered":"Escuela de Maitencillos mejora su  educaci\u00f3n gracias a las  herramientas  tecnol\u00f3gicas"},"content":{"rendered":"<p>La escuela Jos\u00e9 Bernardo Suarez de Maitencillos es parte de la Red Andacollo Conectado que se implement\u00f3 en el a\u00f1o 2013, que ha permitido a las Escuelas Rurales del Microcentro Virgen Morena de Andacollo, compuesto por los establecimientos de Chepiquilla, El Cobre, La Caldera, El Manzano y Maitencillos, mejorar las condiciones y calidad de la ense\u00f1anza que reciben los ni\u00f1os de esos poblados.<\/p>\n<p>Este establecimiento cuenta con 7 alumnos distribuidos en los niveles de 1\u00b0 a 5\u00b0 b\u00e1sico y la profesora encargada es Marcela Mu\u00f1oz Valdivia, quien manifiesta que el contar con internet ha sido una herramienta fundamental para mejorar la educaci\u00f3n que entrega a sus alumnos y que su nivel de aprendizaje sea igual al de los establecimientos del \u00e1rea urbana de la comuna.<\/p>\n<p>La docente nos comenta que este a\u00f1o la se\u00f1al se ha ocupado bastante para buscar trabajos en la parte curricular de todas las asignaturas y para que los ni\u00f1os aprendan a utilizar las diferentes herramientas de software que ofrecen los computadores.<\/p>\n<p>Adem\u00e1s el beneficio que entrega Andacollo Conectado al colegio y a sus alumnos, ha servido para que todos los pobladores del sector se conecten a la red , se calcula que son aproximadamente cien dispositivos que tienen internet gratuito.<\/p>\n<p>\u201cPara nosotros ha sido muy bueno contar con la se\u00f1al porque estamos a nivel de los otros colegios y los ni\u00f1os pueden tener acceso a herramientas tecnol\u00f3gicas. Para la comunidad ha sido muy bueno porque les permite a las mam\u00e1s buscar informaci\u00f3n para ayudar a los ni\u00f1os, bajar pel\u00edculas, m\u00fasica y estar conectados a trav\u00e9s de las herramientas que ofrecen los celulares.\u201d, explica la profesora Marcela Mu\u00f1oz.<\/p>\n<p>Tambi\u00e9n hay que destacar que el establecimiento obtuvo su certificaci\u00f3n ambiental de nivel b\u00e1sico, pues se trabaja en el reciclaje de botellas pl\u00e1sticas, tetra pack y hojas blancas.<\/p>\n<p>Otro proyecto muy interesante que est\u00e1n ejecutando es el cultivo de lechugas y zanahorias en las botellas desechables lo que sirve para que los ni\u00f1os cuiden el medioambiente a trav\u00e9s de la plantaci\u00f3n de sus propias hortalizas.<\/p>\n","protected":false},"excerpt":{"rendered":"<p>La escuela Jos\u00e9 Bernardo Suarez de Maitencillos es parte de la Red Andacollo Conectado que se implement\u00f3 en el a\u00f1o 2013, que ha permitido a las Escuelas Rurales del Microcentro Virgen Morena de Andacollo, compuesto por los establecimientos de Chepiquilla, El Cobre, La Caldera, El Manzano y Maitencillos, mejorar las condiciones y calidad de la [&hellip;]<\/p>\n","protected":false},"author":5,"featured_media":0,"comment_status":"open","ping_status":"open","sticky":false,"template":"","format":"standard","meta":{"_acf_changed":false,"footnotes":""},"categories":[4569],"tags":[1162,1163],"acf":[],"aioseo_notices":[],"_links":{"self":[{"href":"https:\/\/www.andacolloconectado.cl\/index.php\/wp-json\/wp\/v2\/posts\/4749"}],"collection":[{"href":"https:\/\/www.andacolloconectado.cl\/index.php\/wp-json\/wp\/v2\/posts"}],"about":[{"href":"https:\/\/www.andacolloconectado.cl\/index.php\/wp-json\/wp\/v2\/types\/post"}],"author":[{"embeddable":true,"href":"https:\/\/www.andacolloconectado.cl\/index.php\/wp-json\/wp\/v2\/users\/5"}],"replies":[{"embeddable":true,"href":"https:\/\/www.andacolloconectado.cl\/index.php\/wp-json\/wp\/v2\/comments?post=4749"}],"version-history":[{"count":1,"href":"https:\/\/www.andacolloconectado.cl\/index.php\/wp-json\/wp\/v2\/posts\/4749\/revisions"}],"predecessor-version":[{"id":4751,"href":"https:\/\/www.andacolloconectado.cl\/index.php\/wp-json\/wp\/v2\/posts\/4749\/revisions\/4751"}],"wp:attachment":[{"href":"https:\/\/www.andacolloconectado.cl\/index.php\/wp-json\/wp\/v2\/media?parent=4749"}],"wp:term":[{"taxonomy":"category","embeddable":true,"href":"https:\/\/www.andacolloconectado.cl\/index.php\/wp-json\/wp\/v2\/categories?post=4749"},{"taxonomy":"post_tag","embeddable":true,"href":"https:\/\/www.andacolloconectado.cl\/index.php\/wp-json\/wp\/v2\/tags?post=4749"}],"curies":[{"name":"wp","href":"https:\/\/api.w.org\/{rel}","templated":true}]}}