{"id":4759,"date":"2017-08-31T13:19:55","date_gmt":"2017-08-31T13:19:55","guid":{"rendered":"http:\/\/www.andacolloconectado.cl\/?p=4759"},"modified":"2017-08-31T13:19:55","modified_gmt":"2017-08-31T13:19:55","slug":"vecinos-de-el-curque-cuentan-con-un-nuevo-lugar-de-recreacion-inaugurado-en-el-marco-de-la-primera-feria-tecnologica-de-mineria","status":"publish","type":"post","link":"https:\/\/www.andacolloconectado.cl\/index.php\/vecinos-de-el-curque-cuentan-con-un-nuevo-lugar-de-recreacion-inaugurado-en-el-marco-de-la-primera-feria-tecnologica-de-mineria\/","title":{"rendered":"Vecinos  de El Curque cuentan con un nuevo lugar de recreaci\u00f3n inaugurado en el marco de la Primera Feria  Tecnol\u00f3gica de Miner\u00eda"},"content":{"rendered":"<p>Ayer mi\u00e9rcoles 30 de agosto se realiz\u00f3 la primera Feria Tecnol\u00f3gica Minera realizada por Teck CDA para dar a conocer a la comunidad andacollina el uso de las innovaciones tecnol\u00f3gicas empleadas en sus procesamientos del mineral.<\/p>\n<p>La actividad se efectu\u00f3 en el sector de Andacollo Verde (ex relaves o turbias del sector El Curque), lugar donde se instalaron m\u00e1s de 20 stand informativos de Teck, empresas colaboradoras e instituciones educativas, en los cuales la comunidad particip\u00f3 de charlas explicativas, equipos simuladores y demostraciones con maquinaria minera.<\/p>\n<p>Tambi\u00e9n se aprovech\u00f3 la oportunidad para inaugurar un espacio p\u00fablico que beneficiar\u00e1 a los vecinos del barrio El Curque, que contempla \u00e1reas verdes y juegos infantiles.<\/p>\n<p>El Concejal Cesar Rojas presente en la actividad, se\u00f1al\u00f3 que esta muy satisfecho por \u201cla recuperaci\u00f3n de un espacio que estaba perdido en Andacollo, es un relave hist\u00f3rico que se modific\u00f3 para hacer un espacio de juegos, de encuentro de las familias , de los j\u00f3venes\u201d.<\/p>\n<p>Para Manuel Novoa, estas dos actividades son muy importantes porque por una parte con la Feria Tecnol\u00f3gica \u201cestamos mostrando de que forma hacemos miner\u00eda m\u00e1s sustentable de que manera producimos con un menor impacto en temas medioambientales y comunitarios\u201d.<\/p>\n<p>Por otra parte, la construcci\u00f3n y entrega de la Plaza es posible gracias al retiro de de los relaves hist\u00f3ricos de este sector y que fue un compromiso definido por la Compa\u00f1\u00eda en el proyecto hip\u00f3geno.<\/p>\n<p>Los vecinos y ni\u00f1os son los m\u00e1s contentos con este nuevo aspecto que tiene su entorno, pues como nos manifiesta la se\u00f1ora Gricelda Aguilera, presidenta de la Junta N\u00b0 4 de \u201cEl Curque\u201d, esta plaza la da otro aspecto al sector y lo m\u00e1s importante es la plantaci\u00f3n de arboles que ser\u00e1 un pulm\u00f3n verde para el barrio y para la comuna.<\/p>\n<p>Para la vecina Mar\u00eda Zepeda esta nueva \u00e1rea de esparcimiento ser\u00e1 beneficiosa para los adultos y ni\u00f1os por lo que hace un llamado para que \u201cojal\u00e1 los vecinos sepamos cuidar y mantener este pulm\u00f3n verde y cuidar la plaza que nos servir\u00e1 para los ni\u00f1os\u201d.<\/p>\n","protected":false},"excerpt":{"rendered":"<p>Ayer mi\u00e9rcoles 30 de agosto se realiz\u00f3 la primera Feria Tecnol\u00f3gica Minera realizada por Teck CDA para dar a conocer a la comunidad andacollina el uso de las innovaciones tecnol\u00f3gicas empleadas en sus procesamientos del mineral. La actividad se efectu\u00f3 en el sector de Andacollo Verde (ex relaves o turbias del sector El Curque), lugar [&hellip;]<\/p>\n","protected":false},"author":5,"featured_media":0,"comment_status":"open","ping_status":"open","sticky":false,"template":"","format":"standard","meta":{"_acf_changed":false,"footnotes":""},"categories":[4569],"tags":[1140,1165],"acf":[],"aioseo_notices":[],"_links":{"self":[{"href":"https:\/\/www.andacolloconectado.cl\/index.php\/wp-json\/wp\/v2\/posts\/4759"}],"collection":[{"href":"https:\/\/www.andacolloconectado.cl\/index.php\/wp-json\/wp\/v2\/posts"}],"about":[{"href":"https:\/\/www.andacolloconectado.cl\/index.php\/wp-json\/wp\/v2\/types\/post"}],"author":[{"embeddable":true,"href":"https:\/\/www.andacolloconectado.cl\/index.php\/wp-json\/wp\/v2\/users\/5"}],"replies":[{"embeddable":true,"href":"https:\/\/www.andacolloconectado.cl\/index.php\/wp-json\/wp\/v2\/comments?post=4759"}],"version-history":[{"count":1,"href":"https:\/\/www.andacolloconectado.cl\/index.php\/wp-json\/wp\/v2\/posts\/4759\/revisions"}],"predecessor-version":[{"id":4761,"href":"https:\/\/www.andacolloconectado.cl\/index.php\/wp-json\/wp\/v2\/posts\/4759\/revisions\/4761"}],"wp:attachment":[{"href":"https:\/\/www.andacolloconectado.cl\/index.php\/wp-json\/wp\/v2\/media?parent=4759"}],"wp:term":[{"taxonomy":"category","embeddable":true,"href":"https:\/\/www.andacolloconectado.cl\/index.php\/wp-json\/wp\/v2\/categories?post=4759"},{"taxonomy":"post_tag","embeddable":true,"href":"https:\/\/www.andacolloconectado.cl\/index.php\/wp-json\/wp\/v2\/tags?post=4759"}],"curies":[{"name":"wp","href":"https:\/\/api.w.org\/{rel}","templated":true}]}}