{"id":4768,"date":"2017-09-01T13:03:49","date_gmt":"2017-09-01T13:03:49","guid":{"rendered":"http:\/\/www.andacolloconectado.cl\/?p=4768"},"modified":"2017-09-01T13:03:49","modified_gmt":"2017-09-01T13:03:49","slug":"andacollo-se-prepara-para-ser-sede-del-encuentro-regional-escolar-de-cueca","status":"publish","type":"post","link":"https:\/\/www.andacolloconectado.cl\/index.php\/andacollo-se-prepara-para-ser-sede-del-encuentro-regional-escolar-de-cueca\/","title":{"rendered":"Andacollo se prepara para ser sede del Encuentro Regional Escolar de Cueca"},"content":{"rendered":"<p>El pr\u00f3ximo el d\u00eda viernes 8 de septiembre a partir de las 18:00 horas en el estadio Municipal, Wilfredo Gonz\u00e1lez, se efectuar\u00e1 la trig\u00e9sima novena versi\u00f3n de la Muestra Regional Escolar de Cueca, en la que se elegir\u00e1n a los representantes para el campeonato nacional.<\/p>\n<p>El evento ser\u00e1 organizado por la Municipalidad de Andacollo a trav\u00e9s del Departamento de Educaci\u00f3n (DAEM). Manuel Gallardo, encargado de las actividades Extra Escolares, comenta que ya se est\u00e1n afinando los detalles para que la actividad sea todo un \u00e9xito, ya que arribar\u00e1n delegaciones de competidores de cada una de las quince comunas que forman parte de la IV regi\u00f3n.<\/p>\n<p>\u201cNos estamos preparando con todo el equipo municipal del Departamento de Educaci\u00f3n con todo lo que tiene que ver con log\u00edstica, estamos preparando todo lo necesario, escenograf\u00eda, colaciones de los estudiantes, iluminaci\u00f3n y todo lo que hace falta para que sea una bonita fiesta\u201d, coment\u00f3 el encargado.<\/p>\n<p>Se contempla que las diversas delegaciones participantes lleguen muy temprano a nuestra comuna, para ensayar y reconocer el lugar donde competir\u00e1n. El desfile de presentaci\u00f3n de las comitivas est\u00e1 estimado para las 18 horas, mientras que la inauguraci\u00f3n se realizar\u00e1 a las 18:30.<\/p>\n<p>Adem\u00e1s, se espera contar con una gran asistencia de p\u00fablico, tanto andacollinos como de otras ciudades de la Regi\u00f3n, para que presencien la competencia en sus diversas categor\u00edas, por eso se aprovechar\u00e1 la oportunidad para instalar stands con artesan\u00edas de la comuna como una manera de incentivar el turismo y la artesan\u00eda aut\u00f3ctona, promoviendo a Andacollo a toda la regi\u00f3n.<\/p>\n<p>Los representantes andacollinos para la muestra en las distintas series son en la categor\u00eda Rural, Damary Molina y Yeison San Francisco, alumnos de la escuela Patricio Lynch. En Educaci\u00f3n B\u00e1sica lo har\u00e1n Catalina Monsalve y Luis Araya, estudiantes del Colegio Nuestra Se\u00f1ora del Rosario. En la categor\u00eda Educaci\u00f3n Media participan Constanza Rojas y Benjam\u00edn Mena, estudiantes del Liceo Pedro Regalado Videla Ordenes.<\/p>\n","protected":false},"excerpt":{"rendered":"<p>El pr\u00f3ximo el d\u00eda viernes 8 de septiembre a partir de las 18:00 horas en el estadio Municipal, Wilfredo Gonz\u00e1lez, se efectuar\u00e1 la trig\u00e9sima novena versi\u00f3n de la Muestra Regional Escolar de Cueca, en la que se elegir\u00e1n a los representantes para el campeonato nacional. El evento ser\u00e1 organizado por la Municipalidad de Andacollo a [&hellip;]<\/p>\n","protected":false},"author":5,"featured_media":0,"comment_status":"open","ping_status":"open","sticky":false,"template":"","format":"standard","meta":{"_acf_changed":false,"footnotes":""},"categories":[4569],"tags":[1166],"acf":[],"aioseo_notices":[],"_links":{"self":[{"href":"https:\/\/www.andacolloconectado.cl\/index.php\/wp-json\/wp\/v2\/posts\/4768"}],"collection":[{"href":"https:\/\/www.andacolloconectado.cl\/index.php\/wp-json\/wp\/v2\/posts"}],"about":[{"href":"https:\/\/www.andacolloconectado.cl\/index.php\/wp-json\/wp\/v2\/types\/post"}],"author":[{"embeddable":true,"href":"https:\/\/www.andacolloconectado.cl\/index.php\/wp-json\/wp\/v2\/users\/5"}],"replies":[{"embeddable":true,"href":"https:\/\/www.andacolloconectado.cl\/index.php\/wp-json\/wp\/v2\/comments?post=4768"}],"version-history":[{"count":1,"href":"https:\/\/www.andacolloconectado.cl\/index.php\/wp-json\/wp\/v2\/posts\/4768\/revisions"}],"predecessor-version":[{"id":4770,"href":"https:\/\/www.andacolloconectado.cl\/index.php\/wp-json\/wp\/v2\/posts\/4768\/revisions\/4770"}],"wp:attachment":[{"href":"https:\/\/www.andacolloconectado.cl\/index.php\/wp-json\/wp\/v2\/media?parent=4768"}],"wp:term":[{"taxonomy":"category","embeddable":true,"href":"https:\/\/www.andacolloconectado.cl\/index.php\/wp-json\/wp\/v2\/categories?post=4768"},{"taxonomy":"post_tag","embeddable":true,"href":"https:\/\/www.andacolloconectado.cl\/index.php\/wp-json\/wp\/v2\/tags?post=4768"}],"curies":[{"name":"wp","href":"https:\/\/api.w.org\/{rel}","templated":true}]}}