{"id":4772,"date":"2017-09-01T13:41:44","date_gmt":"2017-09-01T13:41:44","guid":{"rendered":"http:\/\/www.andacolloconectado.cl\/?p=4772"},"modified":"2017-09-01T13:41:44","modified_gmt":"2017-09-01T13:41:44","slug":"mujeres-andacollinas-realizan-la-primera-recova-de-emprendedoras","status":"publish","type":"post","link":"https:\/\/www.andacolloconectado.cl\/index.php\/mujeres-andacollinas-realizan-la-primera-recova-de-emprendedoras\/","title":{"rendered":"Mujeres andacollinas realizan la Primera Recova de emprendedoras"},"content":{"rendered":"<p>El mi\u00e9rcoles por la ma\u00f1ana en la Plaza Nolasco Videla de nuestra comuna se efect\u00fao la primera Recova de mujeres emprendedoras, que congreg\u00f3 a m\u00e1s de veinte andacollinas que expusieron los productos de sus diversos emprendimientos.<\/p>\n<p>En la oportunidad se pudieron apreciar en los stands art\u00edculos de lana, ropa, chocolates, dulces, plantas, artesan\u00edas de greda, mandalas, cactus, etc. Hay que destacar que la iniciativa naci\u00f3 de las propias emprendedoras quienes llegaron con la idea a la Oficina Municipal de la Mujer y ah\u00ed les brindaron el apoyo para concretar esta exposici\u00f3n.<\/p>\n<p>Luisa Campusano, gestora de la Recova nos comenta que fue una invitaci\u00f3n abierta a todas las andacollinas que quisieran participar como una manera de dar a conocer sus trabajos. Adem\u00e1s que \u201cla idea es organizarnos para conseguir un espacio para establecernos y vender los productos que hacen las ni\u00f1as, tambi\u00e9n queremos darnos a conocer\u201d, explica esta l\u00edder de las emprendedoras.<\/p>\n<p>La encargada del \u00e1rea mujer y emprendimiento del municipio, Mar\u00eda Rojas, se\u00f1al\u00f3 que \u201cpara nosotros es fant\u00e1stico, todo empez\u00f3 como una iniciativa de las mismas usuarias que las mandamos a las escuelas de emprendimiento de la Universidad de La Serena y ah\u00ed empez\u00f3 todo se empoderaron y formaron esta Recova\u201d.<\/p>\n<p>Una de las participantes que fue la se\u00f1ora Margarita Bugue\u00f1o para quien esta es una excelente vitrina para promocionar su emprendimiento que consiste en cactus adornados con motivos diaguitas e incrustaciones de metales, de esta manera busca rescatar los elementos tradicionales de nuestra comuna.<\/p>\n","protected":false},"excerpt":{"rendered":"<p>El mi\u00e9rcoles por la ma\u00f1ana en la Plaza Nolasco Videla de nuestra comuna se efect\u00fao la primera Recova de mujeres emprendedoras, que congreg\u00f3 a m\u00e1s de veinte andacollinas que expusieron los productos de sus diversos emprendimientos. En la oportunidad se pudieron apreciar en los stands art\u00edculos de lana, ropa, chocolates, dulces, plantas, artesan\u00edas de greda, [&hellip;]<\/p>\n","protected":false},"author":5,"featured_media":0,"comment_status":"open","ping_status":"open","sticky":false,"template":"","format":"standard","meta":{"_acf_changed":false,"footnotes":""},"categories":[4569],"tags":[1167],"acf":[],"aioseo_notices":[],"_links":{"self":[{"href":"https:\/\/www.andacolloconectado.cl\/index.php\/wp-json\/wp\/v2\/posts\/4772"}],"collection":[{"href":"https:\/\/www.andacolloconectado.cl\/index.php\/wp-json\/wp\/v2\/posts"}],"about":[{"href":"https:\/\/www.andacolloconectado.cl\/index.php\/wp-json\/wp\/v2\/types\/post"}],"author":[{"embeddable":true,"href":"https:\/\/www.andacolloconectado.cl\/index.php\/wp-json\/wp\/v2\/users\/5"}],"replies":[{"embeddable":true,"href":"https:\/\/www.andacolloconectado.cl\/index.php\/wp-json\/wp\/v2\/comments?post=4772"}],"version-history":[{"count":1,"href":"https:\/\/www.andacolloconectado.cl\/index.php\/wp-json\/wp\/v2\/posts\/4772\/revisions"}],"predecessor-version":[{"id":4774,"href":"https:\/\/www.andacolloconectado.cl\/index.php\/wp-json\/wp\/v2\/posts\/4772\/revisions\/4774"}],"wp:attachment":[{"href":"https:\/\/www.andacolloconectado.cl\/index.php\/wp-json\/wp\/v2\/media?parent=4772"}],"wp:term":[{"taxonomy":"category","embeddable":true,"href":"https:\/\/www.andacolloconectado.cl\/index.php\/wp-json\/wp\/v2\/categories?post=4772"},{"taxonomy":"post_tag","embeddable":true,"href":"https:\/\/www.andacolloconectado.cl\/index.php\/wp-json\/wp\/v2\/tags?post=4772"}],"curies":[{"name":"wp","href":"https:\/\/api.w.org\/{rel}","templated":true}]}}