{"id":4775,"date":"2017-09-01T13:54:09","date_gmt":"2017-09-01T13:54:09","guid":{"rendered":"http:\/\/www.andacolloconectado.cl\/?p=4775"},"modified":"2017-09-01T13:54:09","modified_gmt":"2017-09-01T13:54:09","slug":"oficina-de-turismo-invita-a-participar-del-iv-concurso-de-platos-tipicos","status":"publish","type":"post","link":"https:\/\/www.andacolloconectado.cl\/index.php\/oficina-de-turismo-invita-a-participar-del-iv-concurso-de-platos-tipicos\/","title":{"rendered":"Oficina de Turismo invita a  participar del  IV Concurso de Platos T\u00edpicos"},"content":{"rendered":"<p>La Municipalidad de Andacollo, por intermedio de su Departamento de Turismo y con motivo de las celebraciones de septiembre, ha organizado el \u201cIV Concurso Comunal de Plato T\u00edpico Andacollino en Fiestas Patrias\u201d, el cual se realizar\u00e1 el d\u00eda Mi\u00e9rcoles 13 de septiembre, a las 11:00 hrs. en la Casa del Encuentro Ciudadano.<\/p>\n<p>El concurso busca hacer un rescate patrimonial de la gastronom\u00eda t\u00edpica de Andacollo, conocer sus platos t\u00edpicos y la historia de ellos, por medio de la participaci\u00f3n de los habitantes de la comuna, para que muestren estas preparaciones y puedan agregarle valor y potenciarlas.<\/p>\n<p>Se evaluar\u00e1n diez platos en una sola categor\u00eda que ser\u00e1 Gastronom\u00eda T\u00edpica, pudiendo presentarse solo un plato principal y pueden participar todas las personas, aficionados y amantes de la cocina, que vivan en la comuna de Andacollo (se excluyen a cocineros profesionales).<\/p>\n<p>Para participar es necesario completar y presentar la ficha de postulaci\u00f3n hasta el 8 de septiembre, a las 17.30 hrs, que puede ser enviada al mail andacollo.turismo@gmail o entregarla en la Oficina de Turismo del municipio. Adem\u00e1s de la ficha debe adjuntarse una rese\u00f1a del plato, ingredientes, justificando brevemente su importancia hist\u00f3rica o tradici\u00f3n.<\/p>\n<p>Los participantes preseleccionados ser\u00e1n notificados el 11 de septiembre. Y el 13 de septiembre se realizar\u00e1 la preparaci\u00f3n de los platos para un jurado que elegir\u00e1 a los ganadores. Los premios a repartir son $100.000 para el primer lugar, $80.000 para segundo lugar y $60.000 para el tercer lugar<br \/>\nLa ficha de inscripci\u00f3n y m\u00e1s detalles de las bases deben ser solicitadas al mail:<strong> andacollo.turismo@gmail.com,<\/strong> en la Oficina de Turismo del Municipio o en el tel\u00e9fono<strong> 9 61216441.<\/strong><\/p>\n","protected":false},"excerpt":{"rendered":"<p>La Municipalidad de Andacollo, por intermedio de su Departamento de Turismo y con motivo de las celebraciones de septiembre, ha organizado el \u201cIV Concurso Comunal de Plato T\u00edpico Andacollino en Fiestas Patrias\u201d, el cual se realizar\u00e1 el d\u00eda Mi\u00e9rcoles 13 de septiembre, a las 11:00 hrs. en la Casa del Encuentro Ciudadano. El concurso busca [&hellip;]<\/p>\n","protected":false},"author":5,"featured_media":0,"comment_status":"open","ping_status":"open","sticky":false,"template":"","format":"standard","meta":{"_acf_changed":false,"footnotes":""},"categories":[4569],"tags":[1168],"acf":[],"aioseo_notices":[],"_links":{"self":[{"href":"https:\/\/www.andacolloconectado.cl\/index.php\/wp-json\/wp\/v2\/posts\/4775"}],"collection":[{"href":"https:\/\/www.andacolloconectado.cl\/index.php\/wp-json\/wp\/v2\/posts"}],"about":[{"href":"https:\/\/www.andacolloconectado.cl\/index.php\/wp-json\/wp\/v2\/types\/post"}],"author":[{"embeddable":true,"href":"https:\/\/www.andacolloconectado.cl\/index.php\/wp-json\/wp\/v2\/users\/5"}],"replies":[{"embeddable":true,"href":"https:\/\/www.andacolloconectado.cl\/index.php\/wp-json\/wp\/v2\/comments?post=4775"}],"version-history":[{"count":2,"href":"https:\/\/www.andacolloconectado.cl\/index.php\/wp-json\/wp\/v2\/posts\/4775\/revisions"}],"predecessor-version":[{"id":4779,"href":"https:\/\/www.andacolloconectado.cl\/index.php\/wp-json\/wp\/v2\/posts\/4775\/revisions\/4779"}],"wp:attachment":[{"href":"https:\/\/www.andacolloconectado.cl\/index.php\/wp-json\/wp\/v2\/media?parent=4775"}],"wp:term":[{"taxonomy":"category","embeddable":true,"href":"https:\/\/www.andacolloconectado.cl\/index.php\/wp-json\/wp\/v2\/categories?post=4775"},{"taxonomy":"post_tag","embeddable":true,"href":"https:\/\/www.andacolloconectado.cl\/index.php\/wp-json\/wp\/v2\/tags?post=4775"}],"curies":[{"name":"wp","href":"https:\/\/api.w.org\/{rel}","templated":true}]}}