{"id":4780,"date":"2017-09-01T20:36:51","date_gmt":"2017-09-01T20:36:51","guid":{"rendered":"http:\/\/www.andacolloconectado.cl\/?p=4780"},"modified":"2017-09-01T20:36:51","modified_gmt":"2017-09-01T20:36:51","slug":"dan-a-conocer-programa-oficial-de-fiestas-patrias-en-la-comuna","status":"publish","type":"post","link":"https:\/\/www.andacolloconectado.cl\/index.php\/dan-a-conocer-programa-oficial-de-fiestas-patrias-en-la-comuna\/","title":{"rendered":"Dan a conocer Programa Oficial de Fiestas Patrias en la comuna"},"content":{"rendered":"<p>La Ilustre Municipalidad de Andacollo, tiene programadas m\u00faltiples actividades para celebrar este mes de la Patria 2017. Comenzando desde la pr\u00f3xima semana con un variado calendario de eventos culturales, c\u00edvicos y recreativos para que todos los andacollinos disfruten en nuestra comuna de las conmemoraciones patrias.<\/p>\n<p><strong>Martes 5 Septiembre<\/strong><br \/>\n09:00 Exposici\u00f3n de los centros de Madres. Plaza Videla.<br \/>\n12:00 Inauguraci\u00f3n expo ciclo de vida Mapuche. Casa encuentro Ciudadano.<\/p>\n<p><strong>Mi\u00e9rcoles 6 Septiembre<\/strong><br \/>\n09:30 a 13:30 Plaza Ciudadana Gobierno Presente. Plaza Videla.<br \/>\n<strong>Jueves 07 Septiembre<\/strong><br \/>\n16:00 Entrega de Banderolas y juegos t\u00edpicos a las Juntas de Vecinos. Sal\u00f3n Padre Alberto Hurtado.<\/p>\n<p><strong>Viernes 8 Septiembre<\/strong><br \/>\n18:00 XXXIX Muestra Regional de Cueca Escolar. Estadio Municipal.<\/p>\n<p><strong>Domingo 10 Septiembre<\/strong><br \/>\n10:00 Muestra folcl\u00f3rica de Cueca Aut\u00f3ctona. Agrupaci\u00f3n folcl\u00f3rica de Coquimbo. Frontis Casa del Encuentro Ciudadano.<\/p>\n<p><strong>S\u00e1bado 09 Septiembre<\/strong><br \/>\n10:00 A 18:00 Juegos Rurales Escolares 2017. Complejo deportivo \u201cJaime Cataldo\u201d en Chepiquilla.<br \/>\n15:00 Finalizaci\u00f3n del Programa TV \u201cCanitas al aire\u201d. Barros Lucos 37, Barrio Mart\u00ednez.<\/p>\n<p><strong>Martes 12 Septiembre<\/strong><br \/>\n15:00 Charla Motivacional \u201cEl Desaf\u00edo de ser Feliz\u201d, dictado por Alejandro Pino Uribe de la Asociaci\u00f3n Chilena de Seguridad. Sal\u00f3n Padre Alberto Hurtado.<\/p>\n<p><strong>Mi\u00e9rcoles 13 Septiembre<\/strong><br \/>\n11:00 IV Concurso Plato T\u00edpico Comunal Andacollino. Casa Encuentro Ciudadano<br \/>\nActo C\u00edvico Escuela Luis Amen\u00e1bar Ossa, El Manzano 14:30 horas y Centro Integral de Adultos Marcelina Cortes Gallardo.<\/p>\n<p><strong>Jueves 14 Septiembre<\/strong><br \/>\nActo C\u00edvico Escuela Padre Blas Hern\u00e1ndez Chepiquilla y Escuela Patricio Lynch.<\/p>\n<p><strong>Viernes 15 Septiembre<\/strong><br \/>\n10:00 Actos C\u00edvico Escuela Luis Cruz Mart\u00ednez y Escuela Nuestra Se\u00f1ora del Rosario.<br \/>\n10:30 Escuela Jos\u00e9 Bernardo Su\u00e1rez de Maitencillos.<br \/>\n14:30 Jornada de Autocuidado Funcionarios Municipales. Sal\u00f3n Padre Alberto Hurtado.<\/p>\n<p><strong>S\u00e1bado 16 Septiembre<\/strong><br \/>\n19:30 Brindis de Honor con los Dirigentes Vecinales. Sal\u00f3n Padre Alberto Hurtado.<br \/>\n21:00 Celebraci\u00f3n de los 20 A\u00f1os del Grupo Cielo. Frontis de la Municipalidad<br \/>\n21:00 Inauguraci\u00f3n de Ramadas, diferentes sectores de la Comuna.<\/p>\n<p><strong>Domingo 17 Septiembre<\/strong><br \/>\n11:00 horas Actos C\u00edvico Escuela Jos\u00e9 Luis Arra\u00f1o de La Caldera.<\/p>\n<p><strong>Lunes 18 Septiembre<\/strong><br \/>\n06:00 Diana por las calles de la Comuna Banda Humberto Escalante Rivera.<br \/>\n10:00 Misa Acci\u00f3n de Gracias.<br \/>\n11:00 Acto y Desfile de Honor. Plaza Nolasco Videla.<br \/>\n16:00 Juegos populares diferentes sectores de la Comuna.<\/p>\n<p><strong>Martes 19 Septiembre<\/strong><br \/>\n10:00 en adelante Pampilla Fiestas Patrias 2017 en el Parque Oasis con los Grupos Musicales \u201cLos Patas Negra\u201d, \u201cLos Ta\u00f1edores de la Cueca\u201d, \u201cLos cuatro de la Banda\u201d \u201cMagnetismo\u201d y \u201cLos Humildes de Mackenna\u201d.<\/p>\n<p><strong>Viernes 22 Septiembre<\/strong><br \/>\n20:00 Cultura en Tu Barrio en la Plaza frente Escuela Nta. Sra del Rosario, sector Casuto.<\/p>\n<p><strong>Mi\u00e9rcoles 27 Septiembre<\/strong><br \/>\n10:00 D\u00eda del Turismo \u201cCaminata Educacional por la Biodiversidad, en el Sector La Laja.<\/p>\n<p><strong>Viernes 29 Septiembre<\/strong><br \/>\n21:00 Ciclo de Conciertos en la Casa del Encuentro Ciudadano.<\/p>\n","protected":false},"excerpt":{"rendered":"<p>La Ilustre Municipalidad de Andacollo, tiene programadas m\u00faltiples actividades para celebrar este mes de la Patria 2017. Comenzando desde la pr\u00f3xima semana con un variado calendario de eventos culturales, c\u00edvicos y recreativos para que todos los andacollinos disfruten en nuestra comuna de las conmemoraciones patrias. Martes 5 Septiembre 09:00 Exposici\u00f3n de los centros de Madres. [&hellip;]<\/p>\n","protected":false},"author":5,"featured_media":0,"comment_status":"open","ping_status":"open","sticky":false,"template":"","format":"standard","meta":{"_acf_changed":false,"footnotes":""},"categories":[4569],"tags":[1169],"acf":[],"aioseo_notices":[],"_links":{"self":[{"href":"https:\/\/www.andacolloconectado.cl\/index.php\/wp-json\/wp\/v2\/posts\/4780"}],"collection":[{"href":"https:\/\/www.andacolloconectado.cl\/index.php\/wp-json\/wp\/v2\/posts"}],"about":[{"href":"https:\/\/www.andacolloconectado.cl\/index.php\/wp-json\/wp\/v2\/types\/post"}],"author":[{"embeddable":true,"href":"https:\/\/www.andacolloconectado.cl\/index.php\/wp-json\/wp\/v2\/users\/5"}],"replies":[{"embeddable":true,"href":"https:\/\/www.andacolloconectado.cl\/index.php\/wp-json\/wp\/v2\/comments?post=4780"}],"version-history":[{"count":2,"href":"https:\/\/www.andacolloconectado.cl\/index.php\/wp-json\/wp\/v2\/posts\/4780\/revisions"}],"predecessor-version":[{"id":4783,"href":"https:\/\/www.andacolloconectado.cl\/index.php\/wp-json\/wp\/v2\/posts\/4780\/revisions\/4783"}],"wp:attachment":[{"href":"https:\/\/www.andacolloconectado.cl\/index.php\/wp-json\/wp\/v2\/media?parent=4780"}],"wp:term":[{"taxonomy":"category","embeddable":true,"href":"https:\/\/www.andacolloconectado.cl\/index.php\/wp-json\/wp\/v2\/categories?post=4780"},{"taxonomy":"post_tag","embeddable":true,"href":"https:\/\/www.andacolloconectado.cl\/index.php\/wp-json\/wp\/v2\/tags?post=4780"}],"curies":[{"name":"wp","href":"https:\/\/api.w.org\/{rel}","templated":true}]}}